{"id":933,"date":"2008-12-15T11:17:00","date_gmt":"2008-12-15T10:17:00","guid":{"rendered":"https:\/\/vm-2010.se\/blogg\/?p=933"},"modified":"2024-04-10T11:18:33","modified_gmt":"2024-04-10T09:18:33","slug":"starka-svenska-kakor","status":"publish","type":"post","link":"https:\/\/vm-2010.se\/blogg\/starka-svenska-kakor\/","title":{"rendered":"Starka svenska kakor"},"content":{"rendered":"<div class=\"wp-block-image\">\n<figure class=\"alignleft size-full is-resized\"><img loading=\"lazy\" decoding=\"async\" width=\"140\" height=\"156\" src=\"https:\/\/vm-2010.se\/blogg\/wp-content\/uploads\/2024\/04\/johansson-8.jpg\" alt=\"\" class=\"wp-image-934\" style=\"width:231px;height:auto\"\/><\/figure>\n<\/div>\n\n\n<p><strong>Den l\u00e5nga VM-kvalv\u00e4ntan har tillf\u00e4lligt bytt skepnad. Gr\u00e5v\u00e5tt november har visserligen blivit gr\u00e5v\u00e5tt december. \u00c4nd\u00e5 \u00e4r det annorlunda. Nu \u00e4r det tomter\u00f6dare och fler saker att g\u00f6ra. Bland annat har jag uppt\u00e4ckt tjusningen med att rigga fotbollsplaner av pepparkaksdeg inf\u00f6r kvaldramat i&nbsp;<\/strong><strong>mars.<\/strong><\/p>\n\n\n\n<p>Jag har stora starka svenska kakor p\u00e5 ena sidan och ganska tunna tr\u00f6tta portugisiska p\u00e5 den andra. Jag kan v\u00e4lja sj\u00e4lv, flytta om, spekulera och hetsa upp mig lite. En vit boll av glasyr dundras in. En favoritkaka kallas Viktor briljerar s\u00e5 pass att jag f\u00e5r \u00e4ta upp en del av Portugals m\u00e5l. De andra tio gubbarna jag skurit ut heter just nu Isak, Max, Olof, Daniel, Mikael, Tobias (med hela h\u00e5rda ben), Kim, Johan, Henrik och Zlatan. Kakan Christian blev inte riktigt som jag t\u00e4nkt mig. Markus, Erik och Sebastian r\u00e5kade visst g\u00e5 s\u00f6nder, men jag har en Anders och en John som gr\u00e4ddas i ugnen\u2026 De verkar se hyfsade ut! Jag har ocks\u00e5 gjort en som ligger l\u00e4ngst in, jag \u00e4r lite skeptisk \u00f6ver den, men den bubblar och jag kallar honom Henok\u2026<\/p>\n\n\n\n<p>Att fundera p\u00e5 julrim och julg\u00e5tor \u00e4r andra bra tidsf\u00f6rdriv. H\u00e4r \u00e4r en g\u00e5ta; det finns en jultomte bland kakorna som bryter p\u00e5 flera spr\u00e5k, kramar barn varje dag, \u00e4r l\u00e4ngst av alla, saknar sk\u00e4gg, kan n\u00e4r som helst leka trollkarl, och s\u00e5 delar han ut julklappar med h\u00e4len\u2026<\/p>\n\n\n\n<p>H\u00e4r \u00e4r en annan, fast kanske sv\u00e5rare; hans armb\u00e5ge har en VM-kungs nyopererade k\u00e4ke p\u00e5 sitt samvete, han springer in och ut fr\u00e5n en plan, han verkar hamna i svackor lite f\u00f6r ofta, men lyckas \u00e4nd\u00e5 alltid komma tillbaka och dela ut sina rosor p\u00e5 n\u00e5got s\u00e4tt \u2026<\/p>\n\n\n\n<p>Och ett p\u00e5 julrim; han slog igenom med storm, hans succ\u00e9 var r\u00e4tt enorm. Han var gutt ett tag men bytte till England en dag. Men n\u00e4r han tr\u00e4ffade Roy, blev det slut p\u00e5 allt skoj. Till l\u00e4ktaren han for, med annat \u00e4n stora fotbollsskor\u2026<\/p>\n\n\n\n<p>Jag har ocks\u00e5 gjort en \u00f6nskelista till den riktiga fotbollsjultomten:<\/p>\n\n\n\n<p><em>Henrik Larsson<\/em>: Att Henke skriver p\u00e5 f\u00f6r en ny klubb i Europa snart. Allt blir roligare d\u00e5. Veckorna i Manchester United var magiska f\u00f6rra g\u00e5ngen. En liknande resa skulle g\u00f6ra vinters\u00e4songen mer levande. Visst var det lite kul n\u00e4r han tog en klubba och gick rakt in p\u00e5 elitniv\u00e5 i ny sport. Och h\u00e4r i Allsvenskan k\u00e4nns han fortfarande f\u00f6r bra f\u00f6r sina medspelare. Nej, han blir mer som \u201dv\u00e5r hj\u00e4lte\u201d ute p\u00e5 europascenen.<\/p>\n\n\n\n<p><em>Zlatan Ibrahimovic<\/em>: Att han f\u00e5r forts\u00e4tta ligga d\u00e4r som topp tre i v\u00e4rlden. Eftersom Zlatan matchas s\u00e5 h\u00e5rt i Inter, blir jag lite orolig. Han m\u00e5ste h\u00e5lla ihop och forts\u00e4tta med de d\u00e4r konsterna som ingen annan hittar p\u00e5. Har sv\u00e5rt att sl\u00e4ppa hans klockrena klackpass till r\u00e4tt adress p\u00e5 mittplan i f\u00f6rra omg\u00e5ngen\u2026<\/p>\n\n\n\n<p><em>Andreas Isaksson<\/em>: Att han f\u00e5r forts\u00e4tta vara ordinarie och att det v\u00e4nder snart. Vi beh\u00f6ver en m\u00e5lvakt som vi alltid kan lita p\u00e5. Det har blivit on\u00f6digt pinsamt i flera matcher p\u00e5 senare tid.<\/p>\n\n\n\n<p><em>Portugals spelare<\/em>: Att de f\u00e5r gl\u00e4nsa och dominera som galningar fram till matchen. Underskattning \u00e4r n\u00e4mligen Sveriges segervapen i mars.<\/p>\n\n\n\n<p><em>Premier League<\/em>: Att den f\u00f6rblir j\u00e4mn och h\u00e5ller nerv hela tiden. Det g\u00f6r tiden fram till mars enklare. Inget lag f\u00e5r sticka ifr\u00e5n och det k\u00e4nns sk\u00f6nt med aspekter som att Hull-sagorna inte&nbsp; verkar ha tagit slut \u00e4n.<\/p>\n\n\n\n<p>Avslutningsvis vill jag t\u00e4nda julstj\u00e4rnor och ljusstakar f\u00f6r att just den h\u00e4r helgens v\u00e4ntan har smyckats med klassiska Barcelona-Real Madrid och Juventus-Milan. Det \u00e4r n\u00e4stan VM-status p\u00e5 s\u00e5dana matcher!<\/p>\n\n\n\n<p>Andreas Johansson<\/p>\n\n\n\n<p>andreas.johansson@vm-2010.se<\/p>\n","protected":false},"excerpt":{"rendered":"<p>Den l\u00e5nga VM-kvalv\u00e4ntan har tillf\u00e4lligt bytt skepnad. Gr\u00e5v\u00e5tt november har visserligen blivit gr\u00e5v\u00e5tt december. \u00c4nd\u00e5 \u00e4r det annorlunda. Nu \u00e4r det tomter\u00f6dare och fler saker att g\u00f6ra. Bland annat har jag uppt\u00e4ckt tjusningen med att rigga fotbollsplaner av pepparkaksdeg inf\u00f6r kvaldramat i&nbsp;mars. Jag har stora starka svenska kakor p\u00e5 ena sidan och ganska tunna tr\u00f6tta [&hellip;]<\/p>\n","protected":false},"author":1,"featured_media":0,"comment_status":"open","ping_status":"open","sticky":false,"template":"","format":"standard","meta":{"footnotes":""},"categories":[56],"tags":[598,303,599,245,167,391],"class_list":["post-933","post","type-post","status-publish","format-standard","hentry","category-vm-kronika","tag-andreas-isaksson","tag-henrik-larsson","tag-kvaldrama","tag-premier-league","tag-vm-kval","tag-zlatan-ibrahimovic"],"_links":{"self":[{"href":"https:\/\/vm-2010.se\/blogg\/wp-json\/wp\/v2\/posts\/933","targetHints":{"allow":["GET"]}}],"collection":[{"href":"https:\/\/vm-2010.se\/blogg\/wp-json\/wp\/v2\/posts"}],"about":[{"href":"https:\/\/vm-2010.se\/blogg\/wp-json\/wp\/v2\/types\/post"}],"author":[{"embeddable":true,"href":"https:\/\/vm-2010.se\/blogg\/wp-json\/wp\/v2\/users\/1"}],"replies":[{"embeddable":true,"href":"https:\/\/vm-2010.se\/blogg\/wp-json\/wp\/v2\/comments?post=933"}],"version-history":[{"count":1,"href":"https:\/\/vm-2010.se\/blogg\/wp-json\/wp\/v2\/posts\/933\/revisions"}],"predecessor-version":[{"id":935,"href":"https:\/\/vm-2010.se\/blogg\/wp-json\/wp\/v2\/posts\/933\/revisions\/935"}],"wp:attachment":[{"href":"https:\/\/vm-2010.se\/blogg\/wp-json\/wp\/v2\/media?parent=933"}],"wp:term":[{"taxonomy":"category","embeddable":true,"href":"https:\/\/vm-2010.se\/blogg\/wp-json\/wp\/v2\/categories?post=933"},{"taxonomy":"post_tag","embeddable":true,"href":"https:\/\/vm-2010.se\/blogg\/wp-json\/wp\/v2\/tags?post=933"}],"curies":[{"name":"wp","href":"https:\/\/api.w.org\/{rel}","templated":true}]}}