{"id":925,"date":"2009-03-26T11:14:00","date_gmt":"2009-03-26T10:14:00","guid":{"rendered":"https:\/\/vm-2010.se\/blogg\/?p=925"},"modified":"2024-04-10T11:15:06","modified_gmt":"2024-04-10T09:15:06","slug":"mot-hangmattorna-i-sydafrika","status":"publish","type":"post","link":"https:\/\/vm-2010.se\/blogg\/mot-hangmattorna-i-sydafrika\/","title":{"rendered":"Mot h\u00e4ngmattorna i Sydafrika!"},"content":{"rendered":"<div class=\"wp-block-image\">\n<figure class=\"alignleft size-full is-resized\"><img loading=\"lazy\" decoding=\"async\" width=\"140\" height=\"156\" src=\"https:\/\/vm-2010.se\/blogg\/wp-content\/uploads\/2024\/04\/johansson-6.jpg\" alt=\"\" class=\"wp-image-926\" style=\"width:214px;height:auto\"\/><\/figure>\n<\/div>\n\n\n<p><strong>Ett halv\u00e5rs v\u00e4ntan \u00e4r \u00f6ver \u2013 det l\u00e5nga uppeh\u00e5llet som har fyllts med otaliga spekulationer, dr\u00f6mscenarion och skr\u00e4ckresultat. Nu f\u00f6rvandlas fantasin till allvar. N\u00e4r nationals\u00e5ngerna spelas p\u00e5 Dragao-stadion i Porto, har vi en rad Champions League-segrare och stj\u00e4rnprydda m\u00e4stare p\u00e5 ena sidan och p\u00e5 den andra finner vi spelare fr\u00e5n mediokra lag och La Manga-solbr\u00e4nda killar.<\/strong><\/p>\n\n\n\n<p>Hur brukar det g\u00e5 i m\u00f6tena mellan Manchester United och Bolton, Chelsea och Birmingham, Real Madrid och Elfsborg? Spelare f\u00f6r spelare \u00e4r Portugal i fotbollshimlen och ett Sverige utan Zlatan \u00e4r p\u00e5 en bondg\u00e5rd. Men skit under naglarna \u00e1 la Mild, Turbo, Schwarz och i viss m\u00e5n Linderoth brukar ju vara slitvargsmelodin som brukar kunna g\u00e5 hem i den h\u00e4r typen av matcher. Men den s\u00e5ngen verkar vara f\u00e4rdigspelad. Sverige har ett lag utan identitet och karakt\u00e4rsdrag numera. Det k\u00e4nns p\u00e5 flera s\u00e4tt ot\u00e4ckt!<\/p>\n\n\n\n<p>Allt talar egentligen f\u00f6r Portugal. Att stj\u00e4rnspelarna rannsakar sig sj\u00e4lva (som Italien brukar g\u00f6ra) och inser att det \u00e4r nu man m\u00e5ste b\u00f6rja prestera. Att de har n\u00e5gra av v\u00e4rldens b\u00e4sta spelare p\u00e5 pappret, s\u00e5som Carvalho som mittback, Deco p\u00e5 mittf\u00e4ltet och Mr. Ronaldo lite \u00f6verallt. Att de har n\u00e5gra Portospelare i sitt eget vardagsrum. Att de dribblar b\u00e4ttre, passar b\u00e4ttre\u2026<\/p>\n\n\n\n<p>Nej nu f\u00e5r jag sluta! Det r\u00e4cker med argument \u00e5t det h\u00e5llet. Jag vill ju vara m\u00f6jligheternas man. Vad talar d\u00e5 f\u00f6r Sverige och vad kan de g\u00f6ra f\u00f6r att skr\u00e4lla?<\/p>\n\n\n\n<p>Till att b\u00f6rja med: sitt ner efter ett svettigt tr\u00e4ningspass och titta p\u00e5 video!<br>Kolla hur det gick till n\u00e4r Portugal sj\u00e4lvs\u00e4kert skulle utklassa Danmark och Albanien, n\u00e4r de inte kunde g\u00f6ra m\u00e5l. Vad som typiskt h\u00e4nder Portugal n\u00e4r deras spelare vill \u00f6vergl\u00e4nsa sina sl\u00e4ktingar i Brasilien med olika sorts \u00f6verstegsfinter. N\u00e4r det f\u00f6r Portugal blir viktigare att g\u00f6ra en gl\u00e4nsande nedtagning p\u00e5 mittf\u00e4ltet \u00e4n att g\u00f6ra m\u00e5l. F\u00f6r Portugal kan ibland gl\u00f6mma bort po\u00e4ngen med att enkelt skjuta en boll i n\u00e4t. Hoppas laget nu inte sitter och kollar p\u00e5 en video med Filippo Inzaghi som uppladdning\u2026<\/p>\n\n\n\n<p>Det \u00e4r heller inte fel att svenskarna efter lyxmaten tittar p\u00e5 videon Spanien-Sverige fr\u00e5n f\u00f6rra EM-kvalmatchen borta med syftet att g\u00f6ra allt utom det d\u00e4r d\u00e5liga som de lyckades med d\u00e5.<\/p>\n\n\n\n<p>Sverige m\u00e5ste dra alla de m\u00f6jliga f\u00f6rdelar som finns av att Zlatan inte \u00e4r med. Att vi \u00e4r d\u00e5liga utan honom, l\u00e5tsas att Henke spelar p\u00e5 \u00f6vertid och att de andra \u00e4r glada amat\u00f6rer. S\u00e5 mycket Albanien \u00f6ver Sverige som m\u00f6jligt kan kanske vara ett oavgjort- eller segerrecept.<\/p>\n\n\n\n<p>Filmningsdebatten med Henke-psykningen av Ronaldo, har ju tagit \u00f6ver alla sportsidor de senaste dagarna. T\u00e4nk att ett litet Henke-uttalande pl\u00f6tsligt blir det som alla talar mest om!<\/p>\n\n\n\n<p>Jag har ocks\u00e5 suttit och funderat p\u00e5 n\u00e5gra viktiga \u00f6nskem\u00e5l inf\u00f6r l\u00f6rdagens kvalmatcher.<\/p>\n\n\n\n<p>Att Ungern inte f\u00e5r vinna borta mot Albanien. D\u00e5 skulle ungrarna f\u00e5 tio po\u00e4ng i tabellen och lika m\u00e5nga i \u00f6kat sj\u00e4lvf\u00f6rtroende. En underdog som d\u00e5 stormar fram mot att kunna bli ett Lettland \u00e1 la 2004.<\/p>\n\n\n\n<p>Undret p\u00e5 Malta: Att allt r\u00e5kar bli fel f\u00f6r Danmark och de skjuter \u00e5tta skott i m\u00e5lramen i f\u00f6rsta halvlek. Sen b\u00f6rjar danskarna i solstinget och tr\u00f6ttheten att tro p\u00e5 fotbollsdj\u00e4vulen, varp\u00e5 att inget h\u00e4nder under de sista 45 minuterna.<\/p>\n\n\n\n<p>Nej, nu dr\u00f6mmer jag igen, men varf\u00f6r inte?&nbsp; Jag b\u00f6jer mig ner och fokuserar p\u00e5 n\u00e5got ov\u00e4ntat p\u00e5 l\u00f6rdag \u2013 den d\u00e4r skjutsen i riktning mot h\u00e4ngmattorna i Sydafrika.<\/p>\n","protected":false},"excerpt":{"rendered":"<p>Ett halv\u00e5rs v\u00e4ntan \u00e4r \u00f6ver \u2013 det l\u00e5nga uppeh\u00e5llet som har fyllts med otaliga spekulationer, dr\u00f6mscenarion och skr\u00e4ckresultat. Nu f\u00f6rvandlas fantasin till allvar. N\u00e4r nationals\u00e5ngerna spelas p\u00e5 Dragao-stadion i Porto, har vi en rad Champions League-segrare och stj\u00e4rnprydda m\u00e4stare p\u00e5 ena sidan och p\u00e5 den andra finner vi spelare fr\u00e5n mediokra lag och La Manga-solbr\u00e4nda [&hellip;]<\/p>\n","protected":false},"author":1,"featured_media":0,"comment_status":"open","ping_status":"open","sticky":false,"template":"","format":"standard","meta":{"footnotes":""},"categories":[56],"tags":[595,139,596,15,167,73],"class_list":["post-925","post","type-post","status-publish","format-standard","hentry","category-vm-kronika","tag-porto","tag-portugal","tag-slitvargsmelodin","tag-sverige","tag-vm-kval","tag-zlatan"],"_links":{"self":[{"href":"https:\/\/vm-2010.se\/blogg\/wp-json\/wp\/v2\/posts\/925","targetHints":{"allow":["GET"]}}],"collection":[{"href":"https:\/\/vm-2010.se\/blogg\/wp-json\/wp\/v2\/posts"}],"about":[{"href":"https:\/\/vm-2010.se\/blogg\/wp-json\/wp\/v2\/types\/post"}],"author":[{"embeddable":true,"href":"https:\/\/vm-2010.se\/blogg\/wp-json\/wp\/v2\/users\/1"}],"replies":[{"embeddable":true,"href":"https:\/\/vm-2010.se\/blogg\/wp-json\/wp\/v2\/comments?post=925"}],"version-history":[{"count":1,"href":"https:\/\/vm-2010.se\/blogg\/wp-json\/wp\/v2\/posts\/925\/revisions"}],"predecessor-version":[{"id":927,"href":"https:\/\/vm-2010.se\/blogg\/wp-json\/wp\/v2\/posts\/925\/revisions\/927"}],"wp:attachment":[{"href":"https:\/\/vm-2010.se\/blogg\/wp-json\/wp\/v2\/media?parent=925"}],"wp:term":[{"taxonomy":"category","embeddable":true,"href":"https:\/\/vm-2010.se\/blogg\/wp-json\/wp\/v2\/categories?post=925"},{"taxonomy":"post_tag","embeddable":true,"href":"https:\/\/vm-2010.se\/blogg\/wp-json\/wp\/v2\/tags?post=925"}],"curies":[{"name":"wp","href":"https:\/\/api.w.org\/{rel}","templated":true}]}}