{"id":922,"date":"2009-05-07T11:12:00","date_gmt":"2009-05-07T09:12:00","guid":{"rendered":"https:\/\/vm-2010.se\/blogg\/?p=922"},"modified":"2024-04-10T11:13:49","modified_gmt":"2024-04-10T09:13:49","slug":"ingesson-en-pizzeria","status":"publish","type":"post","link":"https:\/\/vm-2010.se\/blogg\/ingesson-en-pizzeria\/","title":{"rendered":"Ingesson &amp; en pizzeria"},"content":{"rendered":"<div class=\"wp-block-image\">\n<figure class=\"alignleft size-full is-resized\"><img loading=\"lazy\" decoding=\"async\" width=\"140\" height=\"156\" src=\"https:\/\/vm-2010.se\/blogg\/wp-content\/uploads\/2024\/04\/johansson-5.jpg\" alt=\"\" class=\"wp-image-923\" style=\"width:215px;height:auto\"\/><\/figure>\n<\/div>\n\n\n<p><strong>Jag b\u00f6rjar skriva n\u00e5got om danskarnas f\u00f6rspr\u00e5ng, sucka \u00f6ver spelet i allsvenskan och analysera landslagets v\u00e4gsk\u00e4l. Jag hinner fundera p\u00e5 om Ungern verkligen \u00e4r ett hot. Och just n\u00e4r jag ska b\u00f6rja r\u00e4kna p\u00e5 oddsen f\u00f6r att Fredrik Ljungberg snart tr\u00f6ttnar p\u00e5 att bara vara i en basebollstad, och kanske l\u00e4ngtar tillbaka till Erik Edmans sk\u00e4mt under kortspelskv\u00e4llarna, blir jag avbruten av en pizzabagare.<\/strong><\/p>\n\n\n\n<p>Pizzabagaren \u00e4r nyfiken p\u00e5 vad jag h\u00e5ller p\u00e5 med p\u00e5 hans lilla pizzeria. Han lutar sig lite fr\u00e4ckt \u00f6ver min datask\u00e4rm och kan p\u00e5 sin h\u00f6jd ha hunnit se n\u00e5gon mening i min p\u00e5b\u00f6rjade text. Men reaktionen \u00e4r kvick.<\/p>\n\n\n\n<p>\u2013 Katastrof! Just nu \u00e4r svenska landslaget s\u00e4mre \u00e4n p\u00e5 sjukt l\u00e4nge, s\u00e4ger pizzeria\u00e4garen.<\/p>\n\n\n\n<p>\u2013 Okej, vad grundar du det p\u00e5? fr\u00e5gar jag.<\/p>\n\n\n\n<p>\u2013 Men titta p\u00e5 laget d\u00e5, vad finns d\u00e4r, bara oroligt. Det \u00e4r inte som f\u00f6rr, s\u00e4ger han med armarna utslagna. Just d\u00e5 ansluter en bagarkollega som har lite mj\u00f6l b\u00e5de i ansiktet och p\u00e5 h\u00e4nderna. Han har definitivt tjuvlyssnat p\u00e5 v\u00e5r dialog och nu m\u00e5ste han inflika.<\/p>\n\n\n\n<p>\u2013 Jag h\u00e5ller med honom. Men 1994 \u2013 d\u00e5 var Sverige bra! Klas Ingesson var ett geni, hans bollar p\u00e5 Kenneth Andersson, det gav m\u00e5l \u2013 det d\u00e4r finns inte i landslaget nu, s\u00e4ger kollegan och tar upp fingrarna f\u00f6r att r\u00e4kna ut hur bra Sverige var f\u00f6r femton \u00e5r sedan. Han hyllar i tur och ordning \u201dmittf\u00e4ltsk\u00f6ttmuren\u201d Stefan Schwarz och Jonas Thern, samt \u201dkillern\u201d Martin Dahlin och n\u00e5gra till. Han tycker till och med att Brasilien var of\u00f6rtj\u00e4nta vinnare av semifinalen mot Sverige med 1-0 i VM-1994.<\/p>\n\n\n\n<p>\u2013 Romario hade tur, det var konstig markering och sedan t\u00e5fjutten, herregud! Sverige borde ha g\u00e5tt hela v\u00e4gen d\u00e5, s\u00e4ger han och minns \u00e4ven att Thern blev or\u00e4ttvist utvisad i matchen.<\/p>\n\n\n\n<p>De b\u00e5da bagarna och jag t\u00e4vlar en stund med att plocka fram fler nostalgiska 94-minnen, tills de efter en stund \u00f6verg\u00e5r till att munhuggas lite om turkisk klubbfotboll (hur de nu kom in p\u00e5 det). Sj\u00e4lv sitter jag \u00e4ngsligt funderande och b\u00f6rjar j\u00e4mf\u00f6ra position f\u00f6r position mellan laget som tog brons i USA med truppen idag. Den h\u00e4r g\u00e5ngen k\u00e4nner jag f\u00f6r att avbryta.<\/p>\n\n\n\n<p>\u2013 Men vem \u00e4r Klas Ingesson i dagens landslag? utbrister jag.<\/p>\n\n\n\n<p>\u2013 Ingen, det finns ju inte har jag sagt. Wilhelmsson var p\u00e5 v\u00e4g att bli det, men han f\u00f6rsvann till Arabien och deras sk\u00e4mtliga, d\u00e4r f\u00f6rst\u00f6rde han sin chans, s\u00e4ger mj\u00f6lbagaren.<\/p>\n\n\n\n<p>Kommer p\u00e5 mig sj\u00e4lv att ha munnen lite \u00f6ppen medan jag lyssnar och att jag funderar p\u00e5 hur Klas Ingesson kom att bli huvudperson den senaste kvarten.<\/p>\n\n\n\n<p>\u2013 Men vad jag minns, var det popul\u00e4rt att kritisera Klas Ingesson under brons-VM. Var han allts\u00e5 s\u00e5 genial som ni s\u00e4ger? fr\u00e5gar jag f\u00f6r att jag \u00e4r nyfiken p\u00e5 hur deras svar kan t\u00e4nkas bli.<\/p>\n\n\n\n<p>\u2013 Han var riktigt bra. Stabil som en oxe eller skogshuggare som de s\u00e4ger. Han gn\u00e4llde inte och k\u00e4nde p\u00e5 sm\u00e5skador som m\u00e5nga landslagsspelare g\u00f6r idag, s\u00e4ger kollegan snabbt till Ingessons f\u00f6rsvar.<\/p>\n\n\n\n<p>\u2013 Men Zlatan d\u00e5?, s\u00e4ger jag med tanke p\u00e5 att vi inte ens n\u00e4mnt honom hittills. Nu vill pizzeria\u00e4garen ta \u00f6ver pratet, vilket han markerar genom att l\u00e4gga en hand p\u00e5 kollegans axel som just tagit sats f\u00f6r att leverera nya argument.<\/p>\n\n\n\n<p>\u2013 Javisst \u00e4r han fantastisk, men en kung vinner inga krig utan bra soldater vid sin sida, s\u00e4ger han.<\/p>\n\n\n\n<p>Sedan f\u00e5r flera landslagsspelare sina avhyvlingar av de turkiska bagarna. De tycker att hela landslaget b\u00f6r spela som Inter och bygga upp allt kring Zlatan som en nyckelfigur i st\u00e4llet f\u00f6r att l\u00e5ta honom r\u00e4tta sig i ledet som en sn\u00e4ll pojke. \u00c4garen har visst inte mycket till \u00f6vers f\u00f6r en eventuell comeback av Fredrik Ljungberg.<\/p>\n\n\n\n<p>\u2013 Om han kommer tillbaka, kollar jag p\u00e5 nyheterna n\u00e4r Sverige spelar den matchen i st\u00e4llet. Ljungberg \u00e4r bara intresserad av att vara stj\u00e4rna och vara p\u00e5 skyltar, annars \u00e4r han alltid halvskadad, s\u00e4ger \u00e4garen.<\/p>\n\n\n\n<p>N\u00e4r den v\u00e4rsta kritiken lagt sig, kommer trots allt lite ljus fram fr\u00e5n deras perspektiv. Bagarna \u00e4r \u00f6verens om att Danmark kommer att vinna gruppen \u00f6verl\u00e4gset \u2013 men de tror att Sverige \u00e4nd\u00e5 har en chans att ta hand om andraplatsen, eftersom de anser att Portugal floppar totalt.<\/p>\n\n\n\n<p>\u2013 Deco, Ronaldo, Pepe och alla de andra har missat det h\u00e4r fr\u00e5n b\u00f6rjan. De \u00e4r divor som tror att de andra inte \u00e4r n\u00e5gonting. De saknar en s\u00e5dan som Figo efter att han slutade, Figo jobbade mer f\u00f6r laget, s\u00e4ger kollegan.<\/p>\n\n\n\n<p>\u2013 Som Ingesson ungef\u00e4r? s\u00e4ger jag.<\/p>\n\n\n\n<p>\u2013 Ja precis, s\u00e4ger kollegan.<\/p>\n\n\n\n<p>B\u00e5da ler innan de g\u00e5r tillbaka till sysslorna.<\/p>\n","protected":false},"excerpt":{"rendered":"<p>Jag b\u00f6rjar skriva n\u00e5got om danskarnas f\u00f6rspr\u00e5ng, sucka \u00f6ver spelet i allsvenskan och analysera landslagets v\u00e4gsk\u00e4l. Jag hinner fundera p\u00e5 om Ungern verkligen \u00e4r ett hot. Och just n\u00e4r jag ska b\u00f6rja r\u00e4kna p\u00e5 oddsen f\u00f6r att Fredrik Ljungberg snart tr\u00f6ttnar p\u00e5 att bara vara i en basebollstad, och kanske l\u00e4ngtar tillbaka till Erik Edmans [&hellip;]<\/p>\n","protected":false},"author":1,"featured_media":0,"comment_status":"open","ping_status":"open","sticky":false,"template":"","format":"standard","meta":{"footnotes":""},"categories":[56],"tags":[107,590,591,592,139,406,594,593],"class_list":["post-922","post","type-post","status-publish","format-standard","hentry","category-vm-kronika","tag-danmark","tag-klas-ingesson","tag-pizzabagare","tag-pizzeria","tag-portugal","tag-svenska-landslaget","tag-vm-94","tag-vm-94danmark"],"_links":{"self":[{"href":"https:\/\/vm-2010.se\/blogg\/wp-json\/wp\/v2\/posts\/922","targetHints":{"allow":["GET"]}}],"collection":[{"href":"https:\/\/vm-2010.se\/blogg\/wp-json\/wp\/v2\/posts"}],"about":[{"href":"https:\/\/vm-2010.se\/blogg\/wp-json\/wp\/v2\/types\/post"}],"author":[{"embeddable":true,"href":"https:\/\/vm-2010.se\/blogg\/wp-json\/wp\/v2\/users\/1"}],"replies":[{"embeddable":true,"href":"https:\/\/vm-2010.se\/blogg\/wp-json\/wp\/v2\/comments?post=922"}],"version-history":[{"count":1,"href":"https:\/\/vm-2010.se\/blogg\/wp-json\/wp\/v2\/posts\/922\/revisions"}],"predecessor-version":[{"id":924,"href":"https:\/\/vm-2010.se\/blogg\/wp-json\/wp\/v2\/posts\/922\/revisions\/924"}],"wp:attachment":[{"href":"https:\/\/vm-2010.se\/blogg\/wp-json\/wp\/v2\/media?parent=922"}],"wp:term":[{"taxonomy":"category","embeddable":true,"href":"https:\/\/vm-2010.se\/blogg\/wp-json\/wp\/v2\/categories?post=922"},{"taxonomy":"post_tag","embeddable":true,"href":"https:\/\/vm-2010.se\/blogg\/wp-json\/wp\/v2\/tags?post=922"}],"curies":[{"name":"wp","href":"https:\/\/api.w.org\/{rel}","templated":true}]}}