{"id":909,"date":"2009-10-14T10:57:00","date_gmt":"2009-10-14T08:57:00","guid":{"rendered":"https:\/\/vm-2010.se\/blogg\/?p=909"},"modified":"2024-04-10T10:58:46","modified_gmt":"2024-04-10T08:58:46","slug":"sven-och-zlatan-mot-en-ljusare-framtid","status":"publish","type":"post","link":"https:\/\/vm-2010.se\/blogg\/sven-och-zlatan-mot-en-ljusare-framtid\/","title":{"rendered":"Sven och Zlatan mot en ljusare framtid"},"content":{"rendered":"<div class=\"wp-block-image\">\n<figure class=\"alignleft size-full is-resized\"><img loading=\"lazy\" decoding=\"async\" width=\"140\" height=\"156\" src=\"https:\/\/vm-2010.se\/blogg\/wp-content\/uploads\/2024\/04\/johansson-1.jpg\" alt=\"\" class=\"wp-image-910\" style=\"width:234px;height:auto\"\/><\/figure>\n<\/div>\n\n\n<p><strong>Parkmatchen i l\u00f6rdags satte punkt f\u00f6r en era. Lagerb\u00e4cks signum att alltid lyckas i kval \u00e4r slut. Det som fungerade f\u00f6rr \u00e4r \u00f6ver, m\u00e5len uteblir och krampaktigt spel \u00e4r numera en vardag. Bland det v\u00e4rsta som finns \u00e4r att st\u00e5 utanf\u00f6r och titta p\u00e5 n\u00e4r de andra har kalas. Men m\u00e5nga g\u00e5nger under detta kval har VM-missen n\u00e4stan k\u00e4nts oundviklig.<\/strong><\/p>\n\n\n\n<p>Samtidigt som lidandet infann sig efter f\u00f6rlusten, har en viss l\u00e4ttnad smugit sig fram. Lagerb\u00e4ck skulle \u00e4nd\u00e5 inte g\u00f6ra succ\u00e9 i sommarslutspelet. Vi har inte det spel som kr\u00e4vs l\u00e4ngre. Verkligheten har kommit ikapp. Flera andra l\u00e4nder har st\u00e4llt om och anpassat sig till framg\u00e5ngsrikare anfallsspel, och n\u00e4r endast det svenska f\u00f6rsvarsspelet fungerar n\u00e5gorlunda \u00e4r det dags f\u00f6r helt nya impulser.<\/p>\n\n\n\n<p>Det som d\u00e4rf\u00f6r k\u00e4nns som fr\u00e4scht pl\u00e5ster i skavs\u00e5ren \u00e4r de omedelbara spekulationerna kring en ny f\u00f6rbundskapten (det var ett tag sedan sist i v\u00e5rt land). B\u00e5de Erik Hamr\u00e9n och Hasse Backe \u00e4r bra namn men U 21-J\u00f6rgen Lennartsson \u00e4r fortfarande viktigare som utbildare av yngre f\u00f6rm\u00e5gor.<\/p>\n\n\n\n<p>Men mitt f\u00f6rstaval \u00e4r l\u00e4tt; Sven-G\u00f6ran Eriksson. Det skulle vara en v\u00e4rldsnyhet som ger signalen \u201dSverige satsar stenh\u00e5rt\u201d. Han skulle ge st\u00f6rst kryddning till en avslagen grupp. M\u00e5nga av dagens spelare skulle anstr\u00e4nga sig extra av ren nyfikenhet, bara f\u00f6r att vara med p\u00e5 den f\u00f6rsta landslagssamlingen. De som funderade p\u00e5 att sluta, t\u00e4nker till ett varv till. De nya satsar \u00e4nnu h\u00e5rdare. Tror intresset f\u00f6r landslaget b\u00e5de internt och externt skulle bli st\u00f6rst med Sven.<\/p>\n\n\n\n<p>Se bara p\u00e5 Zlatan; han antydde under g\u00e5rdagen att det inte \u00e4r s\u00e4kert att han forts\u00e4tter om det blir fel f\u00f6rbundskapten. Och han var ju inte mycket till \u00f6vers f\u00f6r den allsvenska tr\u00e4nark\u00e5ren\u2026 Ett namn som Sven-G\u00f6ran skulle till och med g\u00f6ra Zlatan intresserad. Han respekterar m\u00e4n, som liksom han sj\u00e4lv, har vunnit p\u00e5 de stora scenerna. Sverige har r\u00e5d att nu tappa Lagerb\u00e4ck, Anders Svensson, Mikael Nilsson och alla andra som pratar om tacka f\u00f6r sig. Men tills Lennartsson-generationen vuxit till sig n\u00e5gra sn\u00e4pp, beh\u00f6ver vi Zlatan.<\/p>\n\n\n\n<p>Men dessf\u00f6rinnan \u00e4r det ikv\u00e4ll dags f\u00f6r Lagerb\u00e4cks avskedsf\u00f6rest\u00e4llning mot Albanien. Tror den kr\u00f6ns med en uddam\u00e5lsseger till sist (som inte r\u00e4cker n\u00e5gon vart). F\u00f6r det kan v\u00e4l om\u00f6jligt bli \u201dmiraklet i Guimares\u201d? Det g\u00e5r ju inte ens att f\u00f6rest\u00e4lla sig hur Malta ska kunna rubba Portugal nu (som de gjorde inf\u00f6r EM-kvalet-87 n\u00e4r de klarade 2-2). Minns ocks\u00e5 h\u00f6sten-93, d\u00e5 Frankrike bara skulle defilera hem segern hemma mot Israel p\u00e5 Sveriges bekostnad. Hur Israel sedan v\u00e4nde och vann under de sista tio (och vilket VM som f\u00f6ljde d\u00e4rp\u00e5). Mirakel sker ibland, och om Malta skulle ta den d\u00e4r po\u00e4ngen, lovar jag att \u00e4ta maltesisk mat under en hel m\u00e5nad\u2026<\/p>\n\n\n\n<p>Andreas Johansson<\/p>\n","protected":false},"excerpt":{"rendered":"<p>Parkmatchen i l\u00f6rdags satte punkt f\u00f6r en era. Lagerb\u00e4cks signum att alltid lyckas i kval \u00e4r slut. Det som fungerade f\u00f6rr \u00e4r \u00f6ver, m\u00e5len uteblir och krampaktigt spel \u00e4r numera en vardag. Bland det v\u00e4rsta som finns \u00e4r att st\u00e5 utanf\u00f6r och titta p\u00e5 n\u00e4r de andra har kalas. Men m\u00e5nga g\u00e5nger under detta kval [&hellip;]<\/p>\n","protected":false},"author":1,"featured_media":0,"comment_status":"open","ping_status":"open","sticky":false,"template":"","format":"standard","meta":{"footnotes":""},"categories":[56],"tags":[402,507,139,260,15,167,73],"class_list":["post-909","post","type-post","status-publish","format-standard","hentry","category-vm-kronika","tag-albanien","tag-malta","tag-portugal","tag-svennis","tag-sverige","tag-vm-kval","tag-zlatan"],"_links":{"self":[{"href":"https:\/\/vm-2010.se\/blogg\/wp-json\/wp\/v2\/posts\/909","targetHints":{"allow":["GET"]}}],"collection":[{"href":"https:\/\/vm-2010.se\/blogg\/wp-json\/wp\/v2\/posts"}],"about":[{"href":"https:\/\/vm-2010.se\/blogg\/wp-json\/wp\/v2\/types\/post"}],"author":[{"embeddable":true,"href":"https:\/\/vm-2010.se\/blogg\/wp-json\/wp\/v2\/users\/1"}],"replies":[{"embeddable":true,"href":"https:\/\/vm-2010.se\/blogg\/wp-json\/wp\/v2\/comments?post=909"}],"version-history":[{"count":1,"href":"https:\/\/vm-2010.se\/blogg\/wp-json\/wp\/v2\/posts\/909\/revisions"}],"predecessor-version":[{"id":911,"href":"https:\/\/vm-2010.se\/blogg\/wp-json\/wp\/v2\/posts\/909\/revisions\/911"}],"wp:attachment":[{"href":"https:\/\/vm-2010.se\/blogg\/wp-json\/wp\/v2\/media?parent=909"}],"wp:term":[{"taxonomy":"category","embeddable":true,"href":"https:\/\/vm-2010.se\/blogg\/wp-json\/wp\/v2\/categories?post=909"},{"taxonomy":"post_tag","embeddable":true,"href":"https:\/\/vm-2010.se\/blogg\/wp-json\/wp\/v2\/tags?post=909"}],"curies":[{"name":"wp","href":"https:\/\/api.w.org\/{rel}","templated":true}]}}