{"id":897,"date":"2008-10-07T08:48:00","date_gmt":"2008-10-07T06:48:00","guid":{"rendered":"https:\/\/vm-2010.se\/blogg\/?p=897"},"modified":"2024-04-10T08:50:14","modified_gmt":"2024-04-10T06:50:14","slug":"zakumi-tar-sydafrika-med-storm","status":"publish","type":"post","link":"https:\/\/vm-2010.se\/blogg\/zakumi-tar-sydafrika-med-storm\/","title":{"rendered":"Zakumi tar Sydafrika med storm"},"content":{"rendered":"\n<p><strong>Med mindre \u00e4n tv\u00e5 \u00e5r kvar till VM i Sydafrika har turneringens maskot presenterats. Han heter Zakumi och \u00e4r en liten leopard med gr\u00f6nt h\u00e5r. Nu dyker han upp i tv-studios, vid skolg\u00e5rdar och p\u00e5 releasepartyn runt om i hela Sydafrika.<\/strong><\/p>\n\n\n\n<p>Arrang\u00f6rerna har satsat h\u00e5rt p\u00e5 att lansera maskoten Zakumi som ska f\u00e5 Sydafrika och hela v\u00e4rlden att f\u00e5 upp \u00f6gonen f\u00f6r den stora fotbollsturneringen 2010. I samband med att Zakumi presenterades som maskot lanserades ocks\u00e5 en videofilm om Zakumi.<\/p>\n\n\n\n<p>I filmen h\u00f6r leoparden en s\u00e5ngr\u00f6st och nyfiken som han \u00e4r f\u00f6ljer han efter ljudet. Han tr\u00e4ffar d\u00e5 p\u00e5 en flicka som f\u00f6rbereder sig f\u00f6r att sjunga i skolans aula inf\u00f6r en stor publik. Men hon \u00e4r nerv\u00f6s s\u00e5 Zakumi ger lite uppmuntrade st\u00f6d och f\u00f6ljer med henne in p\u00e5 scenen. D\u00e4r dansar Zakumi till flickans s\u00e5ng och succ\u00e9n blir enorm.<\/p>\n\n\n\n<p>Se\u00a0filmklippet h\u00e4r:\u00a0<a href=\"http:\/\/www.fifa.com\/worldcup\/organisation\/mascot\/index.html\">http:\/\/www.fifa.com\/worldcup\/organisation\/mascot\/index.html<\/a><\/p>\n\n\n\n<p>Namnet Zakumi \u00e4r \u00e4ven kopplat till VM 2010. Za st\u00e5r f\u00f6r Sydafrika och Kumi betyder siffran 10 p\u00e5 m\u00e5nga afrikanska spr\u00e5k. Han s\u00e4gs ocks\u00e5 vara f\u00f6dd den 18 juni 1994, samma dag som Sydafrika blev en demokrati.<\/p>\n\n\n\n<p>\u2013 Zakumi \u00e4r en stolt sydafrikan och en perfekt ambassad\u00f6r f\u00f6r den f\u00f6rsta VM-turneringen i Afrika. Han \u00e4r ung, energisk, smart och ambiti\u00f6s. En riktigt inspiration f\u00f6r unga och gamla, inte bara i v\u00e5rt land, s\u00e4ger Danny Jordaan vid det sydafrikanska fotbollsf\u00f6rbundet.<\/p>\n\n\n\n<p>Andreas Lundin<\/p>\n","protected":false},"excerpt":{"rendered":"<p>Med mindre \u00e4n tv\u00e5 \u00e5r kvar till VM i Sydafrika har turneringens maskot presenterats. Han heter Zakumi och \u00e4r en liten leopard med gr\u00f6nt h\u00e5r. Nu dyker han upp i tv-studios, vid skolg\u00e5rdar och p\u00e5 releasepartyn runt om i hela Sydafrika. Arrang\u00f6rerna har satsat h\u00e5rt p\u00e5 att lansera maskoten Zakumi som ska f\u00e5 Sydafrika och [&hellip;]<\/p>\n","protected":false},"author":1,"featured_media":0,"comment_status":"open","ping_status":"open","sticky":false,"template":"","format":"standard","meta":{"footnotes":""},"categories":[49,5],"tags":[572,61,573],"class_list":["post-897","post","type-post","status-publish","format-standard","hentry","category-sydafrika","category-vm-2010","tag-maskot","tag-sydafrika","tag-zakumi"],"_links":{"self":[{"href":"https:\/\/vm-2010.se\/blogg\/wp-json\/wp\/v2\/posts\/897","targetHints":{"allow":["GET"]}}],"collection":[{"href":"https:\/\/vm-2010.se\/blogg\/wp-json\/wp\/v2\/posts"}],"about":[{"href":"https:\/\/vm-2010.se\/blogg\/wp-json\/wp\/v2\/types\/post"}],"author":[{"embeddable":true,"href":"https:\/\/vm-2010.se\/blogg\/wp-json\/wp\/v2\/users\/1"}],"replies":[{"embeddable":true,"href":"https:\/\/vm-2010.se\/blogg\/wp-json\/wp\/v2\/comments?post=897"}],"version-history":[{"count":1,"href":"https:\/\/vm-2010.se\/blogg\/wp-json\/wp\/v2\/posts\/897\/revisions"}],"predecessor-version":[{"id":898,"href":"https:\/\/vm-2010.se\/blogg\/wp-json\/wp\/v2\/posts\/897\/revisions\/898"}],"wp:attachment":[{"href":"https:\/\/vm-2010.se\/blogg\/wp-json\/wp\/v2\/media?parent=897"}],"wp:term":[{"taxonomy":"category","embeddable":true,"href":"https:\/\/vm-2010.se\/blogg\/wp-json\/wp\/v2\/categories?post=897"},{"taxonomy":"post_tag","embeddable":true,"href":"https:\/\/vm-2010.se\/blogg\/wp-json\/wp\/v2\/tags?post=897"}],"curies":[{"name":"wp","href":"https:\/\/api.w.org\/{rel}","templated":true}]}}