{"id":892,"date":"2009-04-26T08:45:00","date_gmt":"2009-04-26T06:45:00","guid":{"rendered":"https:\/\/vm-2010.se\/blogg\/?p=892"},"modified":"2025-04-22T08:46:57","modified_gmt":"2025-04-22T06:46:57","slug":"mer-pengar-behovs-for-marknadsforingen-av-2010-vm","status":"publish","type":"post","link":"https:\/\/vm-2010.se\/blogg\/mer-pengar-behovs-for-marknadsforingen-av-2010-vm\/","title":{"rendered":"Mer pengar beh\u00f6vs f\u00f6r marknadsf\u00f6ringen av 2010-VM"},"content":{"rendered":"<div class=\"wp-block-image\">\n<figure class=\"alignright size-full is-resized\"><img loading=\"lazy\" decoding=\"async\" width=\"180\" height=\"180\" src=\"https:\/\/vm-2010.se\/blogg\/wp-content\/uploads\/2024\/04\/confederationscup.jpg\" alt=\"\" class=\"wp-image-893\" style=\"width:242px;height:auto\" srcset=\"https:\/\/vm-2010.se\/blogg\/wp-content\/uploads\/2024\/04\/confederationscup.jpg 180w, https:\/\/vm-2010.se\/blogg\/wp-content\/uploads\/2024\/04\/confederationscup-150x150.jpg 150w\" sizes=\"auto, (max-width: 180px) 100vw, 180px\" \/><\/figure>\n<\/div>\n\n\n<p>En ledande regeringstj\u00e4nsteman sade i veckan att Sydafrika beh\u00f6ver mer pengar f\u00f6r att bidra till att VM i Sydafrika, som \u00e4ger rum n\u00e4sta \u00e5r.<\/p>\n\n\n\n<p>De synpunkter som kommit trots kritik fr\u00e5n FIFA, som fruktar att arenor f\u00f6r evenemang och inst\u00e4llningen till Confederations Cup 2009 skulle sakna det lokala st\u00f6d som FIFA tycker om att se kring dessa h\u00e4ndelser.<\/p>\n\n\n\n<p>\u201dMin tolkning av situationen i det h\u00e4r skedet \u00e4r att vi inte l\u00e4gger tillr\u00e4ckligt med resurser f\u00f6r att marknadsf\u00f6ra dessa tv\u00e5 viktiga h\u00e4ndelser f\u00f6r sydafrikanerna,\u201d sade talesman Themba Maseko p\u00e5 onsdagen (4:e mars). \u201dDet \u00e4r inte bara pengar. Det \u00e4r en hel del planering och samordning, men jag tror att pengarna kommer att st\u00e5 i centrum oavsett insatser vi inf\u00f6rt\u201d har Maseko sagt.<\/p>\n\n\n\n<p>Hittills har n\u00e4stan 170.000 biljetter har s\u00e5lts f\u00f6r Confederations Cup som kommer att g\u00e4stas av Brasilien, Spanien och Italien bland de \u00e5tta lag som deltar. Confederations Cup arrangeras fr\u00e5n 14-28 juni.<\/p>\n\n\n\n<p>Anders Granstr\u00f6m<br>anders@vm-2010.se<\/p>\n","protected":false},"excerpt":{"rendered":"<p>En ledande regeringstj\u00e4nsteman sade i veckan att Sydafrika beh\u00f6ver mer pengar f\u00f6r att bidra till att VM i Sydafrika, som \u00e4ger rum n\u00e4sta \u00e5r. De synpunkter som kommit trots kritik fr\u00e5n FIFA, som fruktar att arenor f\u00f6r evenemang och inst\u00e4llningen till Confederations Cup 2009 skulle sakna det lokala st\u00f6d som FIFA tycker om att se [&hellip;]<\/p>\n","protected":false},"author":1,"featured_media":0,"comment_status":"closed","ping_status":"closed","sticky":false,"template":"","format":"standard","meta":{"footnotes":""},"categories":[49,5],"tags":[568,174,168],"class_list":["post-892","post","type-post","status-publish","format-standard","hentry","category-sydafrika","category-vm-2010","tag-confederations-cup","tag-fifa","tag-vm-2010"],"_links":{"self":[{"href":"https:\/\/vm-2010.se\/blogg\/wp-json\/wp\/v2\/posts\/892","targetHints":{"allow":["GET"]}}],"collection":[{"href":"https:\/\/vm-2010.se\/blogg\/wp-json\/wp\/v2\/posts"}],"about":[{"href":"https:\/\/vm-2010.se\/blogg\/wp-json\/wp\/v2\/types\/post"}],"author":[{"embeddable":true,"href":"https:\/\/vm-2010.se\/blogg\/wp-json\/wp\/v2\/users\/1"}],"replies":[{"embeddable":true,"href":"https:\/\/vm-2010.se\/blogg\/wp-json\/wp\/v2\/comments?post=892"}],"version-history":[{"count":1,"href":"https:\/\/vm-2010.se\/blogg\/wp-json\/wp\/v2\/posts\/892\/revisions"}],"predecessor-version":[{"id":894,"href":"https:\/\/vm-2010.se\/blogg\/wp-json\/wp\/v2\/posts\/892\/revisions\/894"}],"wp:attachment":[{"href":"https:\/\/vm-2010.se\/blogg\/wp-json\/wp\/v2\/media?parent=892"}],"wp:term":[{"taxonomy":"category","embeddable":true,"href":"https:\/\/vm-2010.se\/blogg\/wp-json\/wp\/v2\/categories?post=892"},{"taxonomy":"post_tag","embeddable":true,"href":"https:\/\/vm-2010.se\/blogg\/wp-json\/wp\/v2\/tags?post=892"}],"curies":[{"name":"wp","href":"https:\/\/api.w.org\/{rel}","templated":true}]}}