{"id":757,"date":"2009-03-31T05:56:58","date_gmt":"2009-03-31T03:56:58","guid":{"rendered":"https:\/\/vm-2010.se\/blogg\/?p=757"},"modified":"2024-04-10T11:31:04","modified_gmt":"2024-04-10T09:31:04","slug":"laktartragedi-i-vm-kvalmatch","status":"publish","type":"post","link":"https:\/\/vm-2010.se\/blogg\/laktartragedi-i-vm-kvalmatch\/","title":{"rendered":"L\u00e4ktartragedi i VM-kvalmatch"},"content":{"rendered":"\n<p><strong>VM-kvalmatchen mellan Elfenbenskusten och Malawi hade&nbsp;precis b\u00f6rjat d\u00e5 en stor tragedi intr\u00e4ffade. Minst 19 m\u00e4nniskor d\u00f6dades och minst 140 skadades d\u00e5 en l\u00e4ktarv\u00e4gg rasade efter h\u00e5rt tryck fr\u00e5n supportrar som ville in p\u00e5 arenan, men som inte fick plats. Enligt flera medier sprutade polisen t\u00e5rgas f\u00f6r att skingra folkmassan, men det gjorde situationen bara v\u00e4rre.<\/strong><\/p>\n\n\n\n<p>Just nu p\u00e5g\u00e5r en utredning om vad som egentligen h\u00e4nde i s\u00f6ndagens VM-kvalmatch i Elfenbenskustens huvudstad Abidjan. Folk hade uppmanats att se matchen p\u00e5 arenan, men det kom fler folk \u00e4n vad som fick plats. Enligt vittnesm\u00e5l till den inhemska tidningen Le Nouveau R\u00e9veil sl\u00e4ppte polisen in folk p\u00e5 arenan som inte hade biljett mot betalning.<br>\u2013 De som har som jobb att h\u00e5lla ordning skapade oordning, ber\u00e4ttar ett \u00f6gonvittne f\u00f6r tidningen L\u2019Intelligent d\u2019Abidjan.<\/p>\n\n\n\n<p>Ivorianska myndigheter l\u00e4gger skulden p\u00e5 de biljettl\u00f6sa supportrarna som tog sig till arenan och fotbollsf\u00f6rbundet hade v\u00e4djat till dessa att inte komma. Enligt AFP kan det ha varit \u00f6ver 50 000 \u00e5sk\u00e5dare inne p\u00e5 arenan n\u00e4r tragedin intr\u00e4ffade. Arenan som heter F\u00e9lix Houphouet-Boigny tar officiellt in 36 000 \u00e5sk\u00e5dare.<\/p>\n\n\n\n<p>En f\u00f6rklaring till varf\u00f6r s\u00e5 m\u00e5nga supportrar kom till arenan \u00e4r att stj\u00e4rnan Didier Drogba var tillbaka efter l\u00e5ngt skadeuppeh\u00e5ll i landslaget.&nbsp;&nbsp;<br>\u2013 Publiken f\u00e5r inte svika oss p\u00e5 s\u00f6ndag, sade Drogba vid en presskonferens i onsdags.<\/p>\n\n\n\n<p>Trots den stora tragedin spelades VM-kvalmatchen vidare. Drogba gjorde tv\u00e5 m\u00e5l och Elfenbenskusten vann med 5-0.<\/p>\n\n\n\n<p>Andreas Lundin<\/p>\n","protected":false},"excerpt":{"rendered":"<p>VM-kvalmatchen mellan Elfenbenskusten och Malawi hade&nbsp;precis b\u00f6rjat d\u00e5 en stor tragedi intr\u00e4ffade. Minst 19 m\u00e4nniskor d\u00f6dades och minst 140 skadades d\u00e5 en l\u00e4ktarv\u00e4gg rasade efter h\u00e5rt tryck fr\u00e5n supportrar som ville in p\u00e5 arenan, men som inte fick plats. Enligt flera medier sprutade polisen t\u00e5rgas f\u00f6r att skingra folkmassan, men det gjorde situationen bara v\u00e4rre. [&hellip;]<\/p>\n","protected":false},"author":1,"featured_media":0,"comment_status":"open","ping_status":"open","sticky":false,"template":"","format":"standard","meta":{"footnotes":""},"categories":[18,8],"tags":[262,122,532],"class_list":["post-757","post","type-post","status-publish","format-standard","hentry","category-afrikanska-kvalet","category-fotboll-vm-kval","tag-didier-drogba","tag-elfenbenskusten","tag-laktartragedi"],"_links":{"self":[{"href":"https:\/\/vm-2010.se\/blogg\/wp-json\/wp\/v2\/posts\/757","targetHints":{"allow":["GET"]}}],"collection":[{"href":"https:\/\/vm-2010.se\/blogg\/wp-json\/wp\/v2\/posts"}],"about":[{"href":"https:\/\/vm-2010.se\/blogg\/wp-json\/wp\/v2\/types\/post"}],"author":[{"embeddable":true,"href":"https:\/\/vm-2010.se\/blogg\/wp-json\/wp\/v2\/users\/1"}],"replies":[{"embeddable":true,"href":"https:\/\/vm-2010.se\/blogg\/wp-json\/wp\/v2\/comments?post=757"}],"version-history":[{"count":1,"href":"https:\/\/vm-2010.se\/blogg\/wp-json\/wp\/v2\/posts\/757\/revisions"}],"predecessor-version":[{"id":758,"href":"https:\/\/vm-2010.se\/blogg\/wp-json\/wp\/v2\/posts\/757\/revisions\/758"}],"wp:attachment":[{"href":"https:\/\/vm-2010.se\/blogg\/wp-json\/wp\/v2\/media?parent=757"}],"wp:term":[{"taxonomy":"category","embeddable":true,"href":"https:\/\/vm-2010.se\/blogg\/wp-json\/wp\/v2\/categories?post=757"},{"taxonomy":"post_tag","embeddable":true,"href":"https:\/\/vm-2010.se\/blogg\/wp-json\/wp\/v2\/tags?post=757"}],"curies":[{"name":"wp","href":"https:\/\/api.w.org\/{rel}","templated":true}]}}