{"id":616,"date":"2010-07-08T14:58:00","date_gmt":"2010-07-08T12:58:00","guid":{"rendered":"https:\/\/vm-2010.se\/blogg\/?p=616"},"modified":"2024-04-10T08:37:06","modified_gmt":"2024-04-10T06:37:06","slug":"musikverk-for-vuvuzela","status":"publish","type":"post","link":"https:\/\/vm-2010.se\/blogg\/musikverk-for-vuvuzela\/","title":{"rendered":"Musikverk f\u00f6r Vuvuzela"},"content":{"rendered":"<div class=\"wp-block-image\">\n<figure class=\"alignright size-full is-resized\"><img loading=\"lazy\" decoding=\"async\" width=\"118\" height=\"140\" src=\"https:\/\/vm-2010.se\/blogg\/wp-content\/uploads\/2024\/04\/vuvuzela1.jpg\" alt=\"\" class=\"wp-image-617\" style=\"width:201px;height:auto\"\/><\/figure>\n<\/div>\n\n\n<p>Vuvuzelan har nu blivit till sk\u00f6n musik. Komposit\u00f6ren H\u00e5kan Lidbo fick uppdraget av Sveriges Radio P2 att skriva ett musikverk f\u00f6r just vuvuzela. Nu \u00e4r musiken klar och den uppf\u00f6ras i Klassisk f\u00f6rmiddag i P2 p\u00e5 fredag.<\/p>\n\n\n\n<p>\u2013 Med det h\u00e4r musikstycket vill jag presentera vuvuzelan p\u00e5 ett mer nyanserat s\u00e4tt \u00e4n det oupph\u00f6rliga surrandet som h\u00f6rs i s\u00e4ndningarna fr\u00e5n fotbolls-VM; som sensuellt jazzinstrument, som sv\u00e4ngigt slagverksinstrument och som funkigt brassinstrument, s\u00e4ger komposit\u00f6ren H\u00e5kan Lidbo.<\/p>\n\n\n\n<p>Stycket kommer \u00e4ven att framf\u00f6ras live av H\u00e5kan Lidbo och trumpetaren\/vuvuzelaspelaren Martin Q Larsson i SVT:s studio p\u00e5 s\u00f6ndag, inf\u00f6r den direkts\u00e4nda finalen i fotbolls-VM.<\/p>\n\n\n\n<p>\u2212 Musiken i P2 sammanfaller s\u00e4llan med musikvalet under sports\u00e4ndningar, s\u00e5 jag och Martin \u00e4r extra glada att f\u00e5 framf\u00f6ra stycket i b\u00e5da dessa sammanhang. Och sj\u00e4lvklart med tittarsiffror som vi inte \u00e4r bortsk\u00e4mda med, s\u00e4ger H\u00e5kan Lidbo.<\/p>\n\n\n\n<p>S\u00e4ndningstider:<br><strong>Vuvuzelastycket uruppf\u00f6rs i Klassisk f\u00f6rmiddag i P2, fredag 9 juli kl. 10.03.<br>Stycket framf\u00f6rs \u00e4ven live i SVT 2, s\u00f6ndag 11 juli kl. 19.30.<br>sverigesradio.se\/p2<\/strong><\/p>\n\n\n\n<h6 class=\"wp-block-heading\"><a href=\"http:\/\/dagensledare.se\/?cat=50&amp;tid=8153\" target=\"_blank\" rel=\"noreferrer noopener\">Orginalartikeln finner ni h\u00e4r<\/a><\/h6>\n","protected":false},"excerpt":{"rendered":"<p>Vuvuzelan har nu blivit till sk\u00f6n musik. Komposit\u00f6ren H\u00e5kan Lidbo fick uppdraget av Sveriges Radio P2 att skriva ett musikverk f\u00f6r just vuvuzela. Nu \u00e4r musiken klar och den uppf\u00f6ras i Klassisk f\u00f6rmiddag i P2 p\u00e5 fredag. \u2013 Med det h\u00e4r musikstycket vill jag presentera vuvuzelan p\u00e5 ett mer nyanserat s\u00e4tt \u00e4n det oupph\u00f6rliga surrandet [&hellip;]<\/p>\n","protected":false},"author":1,"featured_media":0,"comment_status":"open","ping_status":"open","sticky":false,"template":"","format":"standard","meta":{"footnotes":""},"categories":[49,5],"tags":[465,466],"class_list":["post-616","post","type-post","status-publish","format-standard","hentry","category-sydafrika","category-vm-2010","tag-komposition","tag-vuvuzela"],"_links":{"self":[{"href":"https:\/\/vm-2010.se\/blogg\/wp-json\/wp\/v2\/posts\/616","targetHints":{"allow":["GET"]}}],"collection":[{"href":"https:\/\/vm-2010.se\/blogg\/wp-json\/wp\/v2\/posts"}],"about":[{"href":"https:\/\/vm-2010.se\/blogg\/wp-json\/wp\/v2\/types\/post"}],"author":[{"embeddable":true,"href":"https:\/\/vm-2010.se\/blogg\/wp-json\/wp\/v2\/users\/1"}],"replies":[{"embeddable":true,"href":"https:\/\/vm-2010.se\/blogg\/wp-json\/wp\/v2\/comments?post=616"}],"version-history":[{"count":1,"href":"https:\/\/vm-2010.se\/blogg\/wp-json\/wp\/v2\/posts\/616\/revisions"}],"predecessor-version":[{"id":618,"href":"https:\/\/vm-2010.se\/blogg\/wp-json\/wp\/v2\/posts\/616\/revisions\/618"}],"wp:attachment":[{"href":"https:\/\/vm-2010.se\/blogg\/wp-json\/wp\/v2\/media?parent=616"}],"wp:term":[{"taxonomy":"category","embeddable":true,"href":"https:\/\/vm-2010.se\/blogg\/wp-json\/wp\/v2\/categories?post=616"},{"taxonomy":"post_tag","embeddable":true,"href":"https:\/\/vm-2010.se\/blogg\/wp-json\/wp\/v2\/tags?post=616"}],"curies":[{"name":"wp","href":"https:\/\/api.w.org\/{rel}","templated":true}]}}