{"id":561,"date":"2010-05-31T13:29:04","date_gmt":"2010-05-31T11:29:04","guid":{"rendered":"https:\/\/vm-2010.se\/blogg\/?p=561"},"modified":"2024-04-10T08:33:48","modified_gmt":"2024-04-10T06:33:48","slug":"andre-pops-leder-vm-studion","status":"publish","type":"post","link":"https:\/\/vm-2010.se\/blogg\/andre-pops-leder-vm-studion\/","title":{"rendered":"Andr\u00e9 Pops leder VM-studion"},"content":{"rendered":"<div class=\"wp-block-image\">\n<figure class=\"alignright size-full\"><img loading=\"lazy\" decoding=\"async\" width=\"370\" height=\"208\" src=\"https:\/\/vm-2010.se\/blogg\/wp-content\/uploads\/2024\/04\/pops_glen_370.jpg\" alt=\"\" class=\"wp-image-562\" title=\"pops_glen_370\" srcset=\"https:\/\/vm-2010.se\/blogg\/wp-content\/uploads\/2024\/04\/pops_glen_370.jpg 370w, https:\/\/vm-2010.se\/blogg\/wp-content\/uploads\/2024\/04\/pops_glen_370-300x169.jpg 300w\" sizes=\"auto, (max-width: 370px) 100vw, 370px\" \/><\/figure>\n<\/div>\n\n\n<p><br>Andr\u00e9 Pops har bevakat samtliga fotbollsm\u00e4sterskap som SVT s\u00e4nt under 2000-talet.<\/p>\n\n\n\n<p>Fr\u00e4nd\u00e9n (som \u00e4r tv-debuterande) har under de senaste \u00e5ren f\u00f6ljt n\u00e5gra av v\u00e4rldens b\u00e4sta spelare p\u00e5 n\u00e4ra h\u00e5ll i Spanien och Italien.<\/p>\n\n\n\n<p>Ola Andersson syns till vardags som expert i Fotbollskv\u00e4ll och g\u00f6r sitt tredje VM som studioexpert f\u00f6r SVT.<\/p>\n\n\n\n<p>VM-studion i Stockholm kommer \u00e4ven att ha g\u00e4stande experter.\u00a0<a href=\"http:\/\/vm-2010.se\/blogg\/bjorn-ranelid-fotbollsexpert-pa-svt\/\" target=\"_blank\" rel=\"noreferrer noopener\">Se tidigare artikel om detta<\/a>.<\/p>\n\n\n\n<p>S\u00e4ndningarna startar en halvtimme innan matcherna d\u00e5 avspark \u00e4r 13.30 eller 16.00. Vid s\u00e4ndning av kv\u00e4llsmatcher 20.30 b\u00f6rjar uppladdningen en timme innan domaren bl\u00e5ser ig\u00e5ng matchen.<\/p>\n","protected":false},"excerpt":{"rendered":"<p>Andr\u00e9 Pops har bevakat samtliga fotbollsm\u00e4sterskap som SVT s\u00e4nt under 2000-talet. Fr\u00e4nd\u00e9n (som \u00e4r tv-debuterande) har under de senaste \u00e5ren f\u00f6ljt n\u00e5gra av v\u00e4rldens b\u00e4sta spelare p\u00e5 n\u00e4ra h\u00e5ll i Spanien och Italien. Ola Andersson syns till vardags som expert i Fotbollskv\u00e4ll och g\u00f6r sitt tredje VM som studioexpert f\u00f6r SVT. VM-studion i Stockholm kommer [&hellip;]<\/p>\n","protected":false},"author":1,"featured_media":0,"comment_status":"open","ping_status":"open","sticky":false,"template":"","format":"standard","meta":{"footnotes":""},"categories":[48,51],"tags":[421,422,242,423,419,420],"class_list":["post-561","post","type-post","status-publish","format-standard","hentry","category-svt","category-tv-sandningar","tag-franden","tag-gastande-experter","tag-glenn-stromberg","tag-ola-andersson","tag-pops","tag-vm-studion"],"_links":{"self":[{"href":"https:\/\/vm-2010.se\/blogg\/wp-json\/wp\/v2\/posts\/561","targetHints":{"allow":["GET"]}}],"collection":[{"href":"https:\/\/vm-2010.se\/blogg\/wp-json\/wp\/v2\/posts"}],"about":[{"href":"https:\/\/vm-2010.se\/blogg\/wp-json\/wp\/v2\/types\/post"}],"author":[{"embeddable":true,"href":"https:\/\/vm-2010.se\/blogg\/wp-json\/wp\/v2\/users\/1"}],"replies":[{"embeddable":true,"href":"https:\/\/vm-2010.se\/blogg\/wp-json\/wp\/v2\/comments?post=561"}],"version-history":[{"count":1,"href":"https:\/\/vm-2010.se\/blogg\/wp-json\/wp\/v2\/posts\/561\/revisions"}],"predecessor-version":[{"id":563,"href":"https:\/\/vm-2010.se\/blogg\/wp-json\/wp\/v2\/posts\/561\/revisions\/563"}],"wp:attachment":[{"href":"https:\/\/vm-2010.se\/blogg\/wp-json\/wp\/v2\/media?parent=561"}],"wp:term":[{"taxonomy":"category","embeddable":true,"href":"https:\/\/vm-2010.se\/blogg\/wp-json\/wp\/v2\/categories?post=561"},{"taxonomy":"post_tag","embeddable":true,"href":"https:\/\/vm-2010.se\/blogg\/wp-json\/wp\/v2\/tags?post=561"}],"curies":[{"name":"wp","href":"https:\/\/api.w.org\/{rel}","templated":true}]}}