{"id":546,"date":"2008-02-17T13:08:13","date_gmt":"2008-02-17T12:08:13","guid":{"rendered":"https:\/\/vm-2010.se\/blogg\/?p=546"},"modified":"2024-04-10T08:30:13","modified_gmt":"2024-04-10T06:30:13","slug":"vm-2010-da-ska-sveriges-gyllene-generation-glansa","status":"publish","type":"post","link":"https:\/\/vm-2010.se\/blogg\/vm-2010-da-ska-sveriges-gyllene-generation-glansa\/","title":{"rendered":"VM 2010 \u2013 d\u00e5 ska Sveriges gyllene generation gl\u00e4nsa"},"content":{"rendered":"\n<p>Man brukar s\u00e4ga att som utespelare n\u00e5r man toppen av sin karri\u00e4r mellan \u00e5ldern 27-30 \u00e5r. D\u00e5 har spelarna fortfarande kroppen i topptrim samtidigt som erfarenheten f\u00e5r en stor betydelse f\u00f6r spelet. Just d\u00e4rf\u00f6r kan VM 2010 blir Sveriges framg\u00e5ngsrikaste p\u00e5 mycket l\u00e4nge.<\/p>\n\n\n\n<p>Tidigare turneringar har vi oftast f\u00f6rlitat oss p\u00e5 de sena 70-talisterna, Olof Mellberg, Fredrik Ljungberg, Anders Svensson, Christian Wilhelmsson, Marcus Allb\u00e4ck, Henrik Larsson, Tobias Linderoth m.m. Men om tv\u00e5 och ett halvt \u00e5r kommer troligtvis deras karri\u00e4rer vara p\u00e5 v\u00e4g utf\u00f6r och n\u00e5gon ut\u00f6ver Henrik Larsson kan ha gjort sin sista landskamp. D\u00e4rf\u00f6r \u00e4r det tryggt att den nya kullen som sk\u00f6rdat s\u00e5 stora framg\u00e5ngar under 2000-talet, de tidiga 80-talisterna, kommer n\u00e5 sin h\u00f6jdpunkt vid VM 2010.<\/p>\n\n\n\n<p>Kim K\u00e4llstr\u00f6m kommer vara 27 \u00e5r gammal i Sydafrika och han \u00e4r redan nu en firad stj\u00e4rna i Lyon d\u00e4r han bara blir b\u00e4ttre och b\u00e4ttre f\u00f6r varje s\u00e4song. Zlatan Ibrahimovic kom med i \u00e5rets v\u00e4rldslag och om tv\u00e5 \u00e5r \u00e4r han 28 \u00e5r och kanske i topp-5 \u00f6ver v\u00e4rldens b\u00e4sta fotbollsspelare. Johan Elmander har tagit st\u00f6rst kliv fram\u00e5t de senaste \u00e5ren och om tv\u00e5 \u00e5r d\u00e5 han \u00e4r 29 \u00e5r l\u00e4r han vara hur grym som helst. Andreas Isaksson har haft en tung s\u00e4song i England, men om han hittar en klubb som satsar p\u00e5 honom l\u00e4r han kunna f\u00e5 sin revansch under VM precis som Thomas Ravelli fick 1994.<\/p>\n\n\n\n<p>Sedan finns det flera andra svenska fotbollsspelare som g\u00f6r succ\u00e9 ute i Europa och som kommer ha en \u00e5lder mellan 27-29 \u00e5r i Sydafrika. Jag t\u00e4nker f\u00f6rst och fr\u00e4mst p\u00e5 Kennedy Bakircioglu och Markus Rosenberg. Men vi m\u00e5ste ju ha en Thomas Brolin i laget ocks\u00e5. En som \u00e4r under 25 \u00e5r och som med respektl\u00f6st spel sl\u00e5r sig in i den svenska startelvan. Sebastian Larsson kommer vara 24 \u00e5r och Marcus Berg 23 \u00e5r n\u00e4r turneringen drar ig\u00e5ng, s\u00e5 det l\u00e4r bli sp\u00e4nnande att se deras fortsatte framfart i Europa.<\/p>\n\n\n\n<p>Men hur ser det ut med backarna d\u00e5? D\u00e4r finns ju inga superswedes i den r\u00e4tta \u00e5ldern. Och visst kan man ha r\u00e4tt att vara orolig \u00f6ver det, men f\u00f6r att \u00e5terigen ta VM 1994 som exempel var de svenska mittbackarna till skillnad fr\u00e5n de \u00f6vriga i succ\u00e9laget under 25 \u00e5r. Patrik Andersson och Joachim Bj\u00f6rklund var b\u00e5da 23 \u00e5r. De klarade av uppgiften med bravur tack vare att de var samspelta. S\u00e5 d\u00e4rf\u00f6r borde f\u00f6rbundskaptenen nog redan efter EM i sommar b\u00f6rja spela ihop ett nytt mittbackspar som kommer st\u00e5 redo om drygt tv\u00e5 \u00e5r. Varf\u00f6r inte Andreas Granqvist (25 \u00e5r 2010) och Mattias Bj\u00e4rsmyr (24 \u00e5r 2010)? Eller h\u00e5ller Olof Mellberg och Petter Hansson \u00e4ven \u00f6ver VM 2010 trots att de d\u00e5 \u00e4r 33 \u00e5r gamla.<\/p>\n\n\n\n<p>Andreas Lundin<br>andreas@vm-2010.se<\/p>\n","protected":false},"excerpt":{"rendered":"<p>Man brukar s\u00e4ga att som utespelare n\u00e5r man toppen av sin karri\u00e4r mellan \u00e5ldern 27-30 \u00e5r. D\u00e5 har spelarna fortfarande kroppen i topptrim samtidigt som erfarenheten f\u00e5r en stor betydelse f\u00f6r spelet. Just d\u00e4rf\u00f6r kan VM 2010 blir Sveriges framg\u00e5ngsrikaste p\u00e5 mycket l\u00e4nge. Tidigare turneringar har vi oftast f\u00f6rlitat oss p\u00e5 de sena 70-talisterna, Olof [&hellip;]<\/p>\n","protected":false},"author":1,"featured_media":0,"comment_status":"open","ping_status":"open","sticky":false,"template":"","format":"standard","meta":{"footnotes":""},"categories":[47,5],"tags":[405,406,168],"class_list":["post-546","post","type-post","status-publish","format-standard","hentry","category-sverige","category-vm-2010","tag-gyllene-generation","tag-svenska-landslaget","tag-vm-2010"],"_links":{"self":[{"href":"https:\/\/vm-2010.se\/blogg\/wp-json\/wp\/v2\/posts\/546","targetHints":{"allow":["GET"]}}],"collection":[{"href":"https:\/\/vm-2010.se\/blogg\/wp-json\/wp\/v2\/posts"}],"about":[{"href":"https:\/\/vm-2010.se\/blogg\/wp-json\/wp\/v2\/types\/post"}],"author":[{"embeddable":true,"href":"https:\/\/vm-2010.se\/blogg\/wp-json\/wp\/v2\/users\/1"}],"replies":[{"embeddable":true,"href":"https:\/\/vm-2010.se\/blogg\/wp-json\/wp\/v2\/comments?post=546"}],"version-history":[{"count":1,"href":"https:\/\/vm-2010.se\/blogg\/wp-json\/wp\/v2\/posts\/546\/revisions"}],"predecessor-version":[{"id":547,"href":"https:\/\/vm-2010.se\/blogg\/wp-json\/wp\/v2\/posts\/546\/revisions\/547"}],"wp:attachment":[{"href":"https:\/\/vm-2010.se\/blogg\/wp-json\/wp\/v2\/media?parent=546"}],"wp:term":[{"taxonomy":"category","embeddable":true,"href":"https:\/\/vm-2010.se\/blogg\/wp-json\/wp\/v2\/categories?post=546"},{"taxonomy":"post_tag","embeddable":true,"href":"https:\/\/vm-2010.se\/blogg\/wp-json\/wp\/v2\/tags?post=546"}],"curies":[{"name":"wp","href":"https:\/\/api.w.org\/{rel}","templated":true}]}}