{"id":544,"date":"2008-04-29T13:06:11","date_gmt":"2008-04-29T11:06:11","guid":{"rendered":"https:\/\/vm-2010.se\/blogg\/?p=544"},"modified":"2025-04-22T08:45:58","modified_gmt":"2025-04-22T06:45:58","slug":"svennis-kan-bli-sydafrikas-nye-tranare","status":"publish","type":"post","link":"https:\/\/vm-2010.se\/blogg\/svennis-kan-bli-sydafrikas-nye-tranare\/","title":{"rendered":"Svennis kan bli Sydafrikas nye tr\u00e4nare"},"content":{"rendered":"\n<p><strong>Spekulationerna om Sven-G\u00f6ran Erikssons framtid p\u00e5g\u00e5r f\u00f6r fullt. Det som \u00e4r klart \u00e4r att Sydafrikas fotbollsf\u00f6rbund h\u00e5ller svensken h\u00f6gst av t\u00e4nkbara ers\u00e4ttare till Carlos Alberto Parreira som nyligen hoppade av jobbet.<\/strong><\/p>\n\n\n\n<p>Det \u00e4r turbulent i b\u00e5de sydafrikansk fotboll och Svennis tr\u00e4narkarri\u00e4r just nu. Kanske att de d\u00e5 ska s\u00f6ka sig till varandra f\u00f6r att skapa harmoni? Det var ett chockat Sydafrika som f\u00f6r en dryg vecka fick ta emot beskedet att landslagscoachen Caros Alberto Parriera slutar. Anledningen \u00e4r att han beh\u00f6ver \u00e5ka hem till Brasilien och ta hand om sin sjuka fru.<\/p>\n\n\n\n<p>\u2013 Det \u00e4r hj\u00e4rtsk\u00e4rande att jag inte kan slutf\u00f6ra mitt jobb, sade Parreira under en t\u00e5rfylld presskonferens.<\/p>\n\n\n\n<p>Parreira blev Sydafrikas 13:e f\u00f6rbundskapten p\u00e5 lika m\u00e5nga \u00e5r d\u00e5 han tilltr\u00e4dde p\u00e5 posten f\u00f6r ett drygt \u00e5r sedan. Han valde genast ut ett antal unga spelare som han ville satsa p\u00e5 till VM p\u00e5 hemmaplan 2010.<\/p>\n\n\n\n<p>Nu kan det allts\u00e5 i st\u00e4llet bli Sven-G\u00f6ran Eriksson som tar \u00f6ver d\u00e4r Parreira l\u00e4mnar. Sydafrikas fotbollsf\u00f6rbund har ryckt i svensken senaste veckan och nu n\u00e4r de senaste uppgifterna s\u00e4ger att svensken \u00e4r p\u00e5 v\u00e4g att f\u00e5 sparken fr\u00e5n Manchester City talar allt mer f\u00f6r att Sydafrika blir Svennis n\u00e4sta adress. Sydafrika har tidigare tr\u00e4nats av Sverigebekantingen Stuart Baxter.&nbsp;<\/p>\n","protected":false},"excerpt":{"rendered":"<p>Spekulationerna om Sven-G\u00f6ran Erikssons framtid p\u00e5g\u00e5r f\u00f6r fullt. Det som \u00e4r klart \u00e4r att Sydafrikas fotbollsf\u00f6rbund h\u00e5ller svensken h\u00f6gst av t\u00e4nkbara ers\u00e4ttare till Carlos Alberto Parreira som nyligen hoppade av jobbet. Det \u00e4r turbulent i b\u00e5de sydafrikansk fotboll och Svennis tr\u00e4narkarri\u00e4r just nu. Kanske att de d\u00e5 ska s\u00f6ka sig till varandra f\u00f6r att skapa [&hellip;]<\/p>\n","protected":false},"author":1,"featured_media":0,"comment_status":"closed","ping_status":"closed","sticky":false,"template":"","format":"standard","meta":{"footnotes":""},"categories":[47,49,5],"tags":[62,64,260,61],"class_list":["post-544","post","type-post","status-publish","format-standard","hentry","category-sverige","category-sydafrika","category-vm-2010","tag-parreira","tag-sven-goran-eriksson","tag-svennis","tag-sydafrika"],"_links":{"self":[{"href":"https:\/\/vm-2010.se\/blogg\/wp-json\/wp\/v2\/posts\/544","targetHints":{"allow":["GET"]}}],"collection":[{"href":"https:\/\/vm-2010.se\/blogg\/wp-json\/wp\/v2\/posts"}],"about":[{"href":"https:\/\/vm-2010.se\/blogg\/wp-json\/wp\/v2\/types\/post"}],"author":[{"embeddable":true,"href":"https:\/\/vm-2010.se\/blogg\/wp-json\/wp\/v2\/users\/1"}],"replies":[{"embeddable":true,"href":"https:\/\/vm-2010.se\/blogg\/wp-json\/wp\/v2\/comments?post=544"}],"version-history":[{"count":1,"href":"https:\/\/vm-2010.se\/blogg\/wp-json\/wp\/v2\/posts\/544\/revisions"}],"predecessor-version":[{"id":545,"href":"https:\/\/vm-2010.se\/blogg\/wp-json\/wp\/v2\/posts\/544\/revisions\/545"}],"wp:attachment":[{"href":"https:\/\/vm-2010.se\/blogg\/wp-json\/wp\/v2\/media?parent=544"}],"wp:term":[{"taxonomy":"category","embeddable":true,"href":"https:\/\/vm-2010.se\/blogg\/wp-json\/wp\/v2\/categories?post=544"},{"taxonomy":"post_tag","embeddable":true,"href":"https:\/\/vm-2010.se\/blogg\/wp-json\/wp\/v2\/tags?post=544"}],"curies":[{"name":"wp","href":"https:\/\/api.w.org\/{rel}","templated":true}]}}