{"id":542,"date":"2008-05-13T13:03:25","date_gmt":"2008-05-13T11:03:25","guid":{"rendered":"https:\/\/vm-2010.se\/blogg\/?p=542"},"modified":"2024-04-10T08:29:28","modified_gmt":"2024-04-10T06:29:28","slug":"em-truppen-uttagen","status":"publish","type":"post","link":"https:\/\/vm-2010.se\/blogg\/em-truppen-uttagen\/","title":{"rendered":"EM-truppen uttagen"},"content":{"rendered":"\n<p><strong>Tv\u00e5 \u00e5r kvar till VM, men bara en m\u00e5nad kvar till EM. I tisdags tog Lars Lagerb\u00e4ck ut den svenska truppen och den inneh\u00f6ll en stor \u00f6verraskning. Henke Larsson \u00e4r n\u00e4mligen tillbaka i landslaget.<\/strong><\/p>\n\n\n\n<p>Henke var den stora skr\u00e4llen i en trupp som annars blev den f\u00f6rv\u00e4ntade. Andreas Isaksson, Rami Shaaban och Johan Wiland som m\u00e5lvakter. Mikael Nilsson, Fredrik Stoor och Mikael Dorsin som ytterbackar. Lars Lagerb\u00e4ck verkar ha t\u00e4nkt spela Stoor till h\u00f6ger och Nilsson till v\u00e4nster i backlinjen. Olof Mellberg och Petter Hansson bildar mittl\u00e5s och d\u00e4rbakom finns reserverna Daniel Majstorovic och Andreas Granqvist. V\u00e5rens succ\u00e9back i allsvenskan Peter Larsson fick d\u00e4rmed ingen plats.<\/p>\n\n\n\n<p>P\u00e5 mittf\u00e4ltet h\u00e4nger mycket p\u00e5 att Tobias Linderoth blir skadefri. Han \u00e4r uttagen till EM, men kan bytas ut om skadan inte ger med sig. Som defensiv mittf\u00e4ltare finns \u00e4ven Daniel Andersson, men \u00e4ven Kim K\u00e4llstr\u00f6m och Anders Svensson som fr\u00e4mst \u00e4r t\u00e4nkta som offensiva mittf\u00e4ltare kan ta hand om balansrollen. P\u00e5 kanterna blir det lika h\u00e5rd kamp om platserna. Sebastian Larsson l\u00e4r bli valet till h\u00f6ger efter framg\u00e5ngarna i Premier League. Niclas Alexandersson blir d\u00e4rmed b\u00e4nkad. \u00c4ven Christian Wilhelmsson blir b\u00e4nkad, f\u00f6r inte v\u00e4lje Lagerb\u00e4ck att peta Fredrik Ljungberg till v\u00e4nster, trots hans ringrostighet?<\/p>\n\n\n\n<p>P\u00e5 topp l\u00e4r Zlatan Ibrahimovic och Johan Elmander blir f\u00f6rstavalet, medan Henke mest f\u00e5r ses som en joker. Visserligen har Elmander haft problem med m\u00e5lskyttet i v\u00e5r, men han \u00e4r en framtida nyckelspelare i landslaget medan 36-\u00e5rige Henke f\u00e5r tillf\u00f6ra nyttig rutin i ett par inhopp. Den som f\u00f6rlorade p\u00e5 uttagningen av Henrik Larsson var Marcus Berg, som trots stor m\u00e5lsucc\u00e9 i Holland l\u00e4mnades utanf\u00f6r truppen. \u00d6vriga anfallare som f\u00e5r \u00e5ka till EM \u00e4r Markus Rosenberg och Marcus Allb\u00e4ck.<\/p>\n\n\n\n<p>Andreas Lundin<\/p>\n","protected":false},"excerpt":{"rendered":"<p>Tv\u00e5 \u00e5r kvar till VM, men bara en m\u00e5nad kvar till EM. I tisdags tog Lars Lagerb\u00e4ck ut den svenska truppen och den inneh\u00f6ll en stor \u00f6verraskning. Henke Larsson \u00e4r n\u00e4mligen tillbaka i landslaget. Henke var den stora skr\u00e4llen i en trupp som annars blev den f\u00f6rv\u00e4ntade. Andreas Isaksson, Rami Shaaban och Johan Wiland som [&hellip;]<\/p>\n","protected":false},"author":1,"featured_media":0,"comment_status":"open","ping_status":"open","sticky":false,"template":"","format":"standard","meta":{"footnotes":""},"categories":[47],"tags":[314,403,303,404],"class_list":["post-542","post","type-post","status-publish","format-standard","hentry","category-sverige","tag-em-2008","tag-em-trupp","tag-henrik-larsson","tag-landslaget"],"_links":{"self":[{"href":"https:\/\/vm-2010.se\/blogg\/wp-json\/wp\/v2\/posts\/542","targetHints":{"allow":["GET"]}}],"collection":[{"href":"https:\/\/vm-2010.se\/blogg\/wp-json\/wp\/v2\/posts"}],"about":[{"href":"https:\/\/vm-2010.se\/blogg\/wp-json\/wp\/v2\/types\/post"}],"author":[{"embeddable":true,"href":"https:\/\/vm-2010.se\/blogg\/wp-json\/wp\/v2\/users\/1"}],"replies":[{"embeddable":true,"href":"https:\/\/vm-2010.se\/blogg\/wp-json\/wp\/v2\/comments?post=542"}],"version-history":[{"count":1,"href":"https:\/\/vm-2010.se\/blogg\/wp-json\/wp\/v2\/posts\/542\/revisions"}],"predecessor-version":[{"id":543,"href":"https:\/\/vm-2010.se\/blogg\/wp-json\/wp\/v2\/posts\/542\/revisions\/543"}],"wp:attachment":[{"href":"https:\/\/vm-2010.se\/blogg\/wp-json\/wp\/v2\/media?parent=542"}],"wp:term":[{"taxonomy":"category","embeddable":true,"href":"https:\/\/vm-2010.se\/blogg\/wp-json\/wp\/v2\/categories?post=542"},{"taxonomy":"post_tag","embeddable":true,"href":"https:\/\/vm-2010.se\/blogg\/wp-json\/wp\/v2\/tags?post=542"}],"curies":[{"name":"wp","href":"https:\/\/api.w.org\/{rel}","templated":true}]}}