{"id":536,"date":"2008-10-07T12:54:48","date_gmt":"2008-10-07T10:54:48","guid":{"rendered":"https:\/\/vm-2010.se\/blogg\/?p=536"},"modified":"2025-04-22T08:46:39","modified_gmt":"2025-04-22T06:46:39","slug":"chippens-skada-baddar-for-5-3-2","status":"publish","type":"post","link":"https:\/\/vm-2010.se\/blogg\/chippens-skada-baddar-for-5-3-2\/","title":{"rendered":"Chippens skada b\u00e4ddar f\u00f6r 5-3-2"},"content":{"rendered":"\n<p><strong>Debatten om 3-5-2 kontra 4-4-2 har varit livlig i medierna de senaste dagarna&nbsp; Men i och med Chippens skada saknar Sverige nu renodlade yttermittf\u00e4ltare i truppen och d\u00e4rf\u00f6r tvingas nog f\u00f6rbundskaptenerna forts\u00e4tta med 3-5-2 som i matchen mot Portugal borde blir mer till 5-3-2.<\/strong><\/p>\n\n\n\n<p>Enda m\u00f6jligheten att spela 4-4-2 \u00e4r att Sebastian Larsson spelar till h\u00f6ger p\u00e5 mittf\u00e4ltet och Samuel Holm\u00e9n till v\u00e4nster, men det k\u00e4nns inte optimalt \u00e4ven om Holm\u00e9n gjorde en stark match mot Ungern ute till v\u00e4nster och att Larsson sl\u00e5r fina inl\u00e4gg.<\/p>\n\n\n\n<p>F\u00f6rdelen med att spela 5-3-2 \u00e4r att ytterbackarna f\u00e5r till uppgift att stoppa Portugals kvicka yttrar. Troligtvis \u00e4r det d\u00e4rf\u00f6r som den kvickare Behrang Safari tar plats i truppen p\u00e5 Oscar Wendts bekostnad.&nbsp; Med en uttalad 5-3-2-uppst\u00e4llning fr\u00e5n start ist\u00e4llet f\u00f6r 3-5-2 borde ytterbackarna&nbsp;hamna l\u00e4ngre ned i plan och p\u00e5 s\u00e5 vis t\u00e4ppa igen luckan bakom ytterbackarna som vid tidigare matcher uppst\u00e5tt. F\u00f6r ingen vill nog se Petter Hansson springa ut mot h\u00f6rnflaggan f\u00f6r att m\u00f6ta Cristiano Ronaldo.&nbsp;<\/p>\n\n\n\n<p>Samtidigt kommer det med en s\u00e5dan defensiv uppst\u00e4llning kr\u00e4vas mycket av mittf\u00e4ltet. Men med en kreat\u00f6r som Kim K\u00e4llstr\u00f6m, en p\u00e5drivare som Sebastian Larsson och en uppsamlare som Daniel Andersson borde Zlatan Ibrahimovic och Henrik Larsson inte bli allt f\u00f6r isolerade p\u00e5 topp. Med tanke p\u00e5 Samuel Holm\u00e9ns fina insats senast borde idealet vara att flytta ned Sebastian Larsson som defensiv mittf\u00e4ltare ist\u00e4llet f\u00f6r Daniel Andersson och ge Holm\u00e9n en offensiv roll p\u00e5 mittf\u00e4ltet. Framf\u00f6rallt nu d\u00e5 spelgeniet Deco \u00e4r skadad och troligtvis inte spelar f\u00f6r Portugal.<\/p>\n\n\n\n<p>S\u00e5 h\u00e4r kommer troligtvis startelvan se ut beroende p\u00e5 om Sverige spelar 5-3-2 eller 4-4-2:<\/p>\n\n\n\n<p><strong>5-3-2<br><\/strong>Mv Andreas Isaksson<br>Vb&nbsp; Behrang Safari<br>Mb Max von Schlebr\u00fcgge<br>Mb Petter Hansson<br>Mb Daniel Majstorovic<br>Hb Mikael Nilsson<br>Dm Daniel Andersson<br>Om Kim K\u00e4llstr\u00f6m<br>Om Sebastian Larsson<br>Fw Zlatan Ibrahimovic<br>Fw Johan Elmander<\/p>\n\n\n\n<p><strong>4-4-2<br><\/strong>Mv Andreas Isaksson<br>Vb Behrang Safari<br>Mb Petter Hansson<br>Mb Daniel Majstorovic<br>Hb Mikael Nilsson<br>Vm Samuel Holm\u00e9n<br>Om Kim K\u00e4llstr\u00f6m<br>Dm Daniel Andersson<br>Hm Sebastian Larsson<br>Fw Zlatan Ibrahimovic<br>Fw Johan Elmander<\/p>\n\n\n\n<p><strong>Truppen i sin helhet:<br><\/strong>Mv Andreas Isaksson<br>Mv Johan Wiland<\/p>\n\n\n\n<p>Vb Behrang Safari<br>Mb Petter Hansson<br>Mb Daniel Majstorovic<br>Mb Andreas Granqvist<br>Mb Max von Schlebr\u00fcgge<br>Hb Mikael Nilsson<br>Hb Fredrik Stoor<\/p>\n\n\n\n<p>Mf Sebastian Larsson<br>Mf Daniel Andersson<br>Mf Samuel Holm\u00e9n<br>Mf Kim K\u00e4llstr\u00f6m<br>Mf Viktor Elm<br>Mf Petter Andersson<br>Mf Andreas Johansson<br>&nbsp;&nbsp;&nbsp;<br>Fw Zlatan Ibrahimovic<br>Fw Henrik Larsson<br>Fw Johan Elmander<br>Fw Markus Rosenberg<br>Fw Marcus Berg<\/p>\n\n\n\n<p>&nbsp;Andreas Lundin<\/p>\n","protected":false},"excerpt":{"rendered":"<p>Debatten om 3-5-2 kontra 4-4-2 har varit livlig i medierna de senaste dagarna&nbsp; Men i och med Chippens skada saknar Sverige nu renodlade yttermittf\u00e4ltare i truppen och d\u00e4rf\u00f6r tvingas nog f\u00f6rbundskaptenerna forts\u00e4tta med 3-5-2 som i matchen mot Portugal borde blir mer till 5-3-2. Enda m\u00f6jligheten att spela 4-4-2 \u00e4r att Sebastian Larsson spelar till [&hellip;]<\/p>\n","protected":false},"author":1,"featured_media":0,"comment_status":"closed","ping_status":"closed","sticky":false,"template":"","format":"standard","meta":{"footnotes":""},"categories":[47,8],"tags":[392,393,394,386,395,396,139,389,397,15],"class_list":["post-536","post","type-post","status-publish","format-standard","hentry","category-sverige","category-fotboll-vm-kval","tag-3-5-2","tag-4-4-2","tag-5-3-2","tag-behrang-safari","tag-chippen","tag-daniel-andersson","tag-portugal","tag-samuel-holmen","tag-sebastian-larsson","tag-sverige"],"_links":{"self":[{"href":"https:\/\/vm-2010.se\/blogg\/wp-json\/wp\/v2\/posts\/536","targetHints":{"allow":["GET"]}}],"collection":[{"href":"https:\/\/vm-2010.se\/blogg\/wp-json\/wp\/v2\/posts"}],"about":[{"href":"https:\/\/vm-2010.se\/blogg\/wp-json\/wp\/v2\/types\/post"}],"author":[{"embeddable":true,"href":"https:\/\/vm-2010.se\/blogg\/wp-json\/wp\/v2\/users\/1"}],"replies":[{"embeddable":true,"href":"https:\/\/vm-2010.se\/blogg\/wp-json\/wp\/v2\/comments?post=536"}],"version-history":[{"count":1,"href":"https:\/\/vm-2010.se\/blogg\/wp-json\/wp\/v2\/posts\/536\/revisions"}],"predecessor-version":[{"id":537,"href":"https:\/\/vm-2010.se\/blogg\/wp-json\/wp\/v2\/posts\/536\/revisions\/537"}],"wp:attachment":[{"href":"https:\/\/vm-2010.se\/blogg\/wp-json\/wp\/v2\/media?parent=536"}],"wp:term":[{"taxonomy":"category","embeddable":true,"href":"https:\/\/vm-2010.se\/blogg\/wp-json\/wp\/v2\/categories?post=536"},{"taxonomy":"post_tag","embeddable":true,"href":"https:\/\/vm-2010.se\/blogg\/wp-json\/wp\/v2\/tags?post=536"}],"curies":[{"name":"wp","href":"https:\/\/api.w.org\/{rel}","templated":true}]}}