{"id":525,"date":"2009-02-14T12:37:09","date_gmt":"2009-02-14T11:37:09","guid":{"rendered":"https:\/\/vm-2010.se\/blogg\/?p=525"},"modified":"2024-04-10T08:26:08","modified_gmt":"2024-04-10T06:26:08","slug":"elmifiering-och-zlatanism","status":"publish","type":"post","link":"https:\/\/vm-2010.se\/blogg\/elmifiering-och-zlatanism\/","title":{"rendered":"Elmifiering och zlatanism"},"content":{"rendered":"<div class=\"wp-block-image\">\n<figure class=\"alignleft size-full is-resized\"><img loading=\"lazy\" decoding=\"async\" width=\"140\" height=\"156\" src=\"https:\/\/vm-2010.se\/blogg\/wp-content\/uploads\/2024\/04\/johansson.jpg\" alt=\"\" class=\"wp-image-526\" style=\"width:187px;height:auto\"\/><\/figure>\n<\/div>\n\n\n<p>Jag h\u00e4vdar tvekl\u00f6st att br\u00f6derna Elm \u00e4r det mest intressanta som h\u00e4nt svenska landslaget sedan Zlatan blev v\u00e4rldsstj\u00e4rna. Under l\u00e5ng tid har allt runt landslaget varit os\u00e4kert, mediokert och mestadels d\u00e5ligt. Det har varit han eller han \u2013 och vem kan? D\u00e4rf\u00f6r b\u00f6r all inskolning f\u00f6r br\u00f6derna Elm vara \u00f6ver fr\u00e5n och med nu. De pumpar in s\u00e5 mycket oh\u00e4mmad energi i truppen, vilket alla lagdelar vinner p\u00e5. Den h\u00e4r typen av v\u00e4gvinnande br\u00f6drastomme i landslaget, har vi kanske inte sett sedan Knut, Bertil och Gunnar Nordahls dagar. Daniel och Patrik Andersson, Thomas och Andreas Ravelli och n\u00e5gra andra exempel f\u00e5r helt enkelt urs\u00e4kta. Vi har just nu en modell som f\u00e5 fotbollsarkitekter kunnat rita upp. Viktor och Rasmus ska vara givna i startelvan fram\u00f6ver. De kan g\u00f6ra allt Lars-Roland \u00f6nskar i mittf\u00e4lts- och anfallsv\u00e4g. Jag f\u00f6rs\u00f6kte tolka Lagerb\u00e4cks g\u00e5tfulla ansiktsutryck efter Rasmus Elms dundrande kanon mot \u00d6sterrike. Jag l\u00e4ste \u201dj\u00e4vlar, den d\u00e4r lilla luriga killen kan ju bli min r\u00e4ddning\u201d. T\u00e4nk om \u00e4ven storebror David blommar ut och dominerar i Kalmar under v\u00e5ren\u2026 Pl\u00f6tsligt har jag blivit nyfiken p\u00e5 hur den sm\u00e5l\u00e4ndska Elm Street s\u00e5g ut under de tre br\u00f6dernas uppv\u00e4xt. Var bollen central i alla lekar? Finns det ett bollplank som kan bli klassiskt fram\u00f6ver? Vad fick de f\u00f6r mat? Hade f\u00f6r\u00e4ldrarna planer p\u00e5 att skapa fler br\u00f6der?<\/p>\n\n\n\n<p>N\u00e4r Zlatan \u00e4r fri fr\u00e5n sin avst\u00e4ngning och kommer tillbaka senare i v\u00e5r, hoppas jag att han f\u00e5r veta att laget ska byggas kring br\u00f6derna Elm och Zlatan sj\u00e4lv. F\u00f6rmodligen skulle han s\u00e4kert undra till en b\u00f6rjan. En kort stund senare skulle han f\u00f6rst\u00e5 att han \u00e4r en del av en ljus bl\u00e5gul framtid.<\/p>\n\n\n\n<p>Aprop\u00e5 \u00d6sterrike-matchen, kan man till exempel konstatera att Markus och Marcus p\u00e5 topp s\u00e5g ut som vilsna kaniner. De sprang \u00e5t b\u00e5de fel och konstigt h\u00e5ll och bevisade ingenting. Att vara bland de s\u00e4msta p\u00e5 plan n\u00e4r det g\u00e4ller som mest f\u00f6r just dem, \u00e4r detsamma som att skicka hem sig sj\u00e4lva med posten.<\/p>\n\n\n\n<p>En annan aspekt fr\u00e5n matchen \u00e4r v\u00e4l att den st\u00e4ndigt existerande anti-zlatanismen** s\u00e4kert fick ny vind i sina segel, n\u00e4r det gick s\u00e5 bra att vinna utan Zlatan i laget.<\/p>\n\n\n\n<p>Positivt \u00e4r ocks\u00e5 att Portugal sannerligen inte skr\u00e4mdes n\u00e4r de n\u00e4stan misslyckades med att f\u00e5 h\u00e5l p\u00e5 Finland i onsdags.<\/p>\n\n\n\n<p>Det svenska folkets back-up om vi inte g\u00e5r till VM \u2013 Sven-G\u00f6ran Eriksson, har efter f\u00f6rlusten mot USA, snart \u00e4tit sin sista enchilada. Det \u00e4r inte l\u00e4ngre n\u00e5gon gissning att miljontals mexikaner st\u00e5r beredda att sl\u00e4nga sina salsa-s\u00e5ser och jalape\u00f1os p\u00e5 v\u00e5r k\u00e4ra v\u00e4rml\u00e4nning.<\/p>\n\n\n\n<p>* Andrikipedia: Elmifierad: Att pl\u00f6tsligt drabbas av tron att br\u00f6derna Elm \u00e4r svensk fotbolls stora r\u00e4ddning och f\u00f6rhoppning under de n\u00e4rmaste tio \u00e5ren.<\/p>\n\n\n\n<p>** Andrikipedia: Zlatanism: Att avguda allt som har med Zlatan Ibrahimovic att g\u00f6ra. En bek\u00e4nnare av zlatanism, b\u00f6rjar omedelbart heja p\u00e5 alla lag han byter till och f\u00f6rorten Roseng\u00e5rd har blivit ett attraktivt och t\u00e4nkbart turistm\u00e5l. De h\u00e4vdar ofta att Zlatan \u00e4r v\u00e4rldens b\u00e4sta fotbollsspelare och m\u00e5nga har filmen Bl\u00e5d\u00e5rar i sina bokhyllor. Det \u00e4r ocks\u00e5 popul\u00e4rt att citera Zlatans alla uttalanden.<\/p>\n\n\n\n<p>** Andrikipedia: Anti-zlatanism: Att st\u00f6ra sig p\u00e5 allt som har med Zlatan Ibrahimovic att g\u00f6ra. Anti-zlatanisterna letar st\u00e4ndigt fel hos spelaren och h\u00e4vdar att Zlatan \u00e4r \u00f6verskattad. Bek\u00e4nnarna \u00e4r dessutom experter p\u00e5 att vifta bort eller ignorera n\u00e4r Zlatan g\u00f6r dr\u00f6mm\u00e5l eller blir utn\u00e4mnd till Serie A: s b\u00e4sta fotbollsspelare.<\/p>\n\n\n\n<p>Andreas Johansson<\/p>\n","protected":false},"excerpt":{"rendered":"<p>Jag h\u00e4vdar tvekl\u00f6st att br\u00f6derna Elm \u00e4r det mest intressanta som h\u00e4nt svenska landslaget sedan Zlatan blev v\u00e4rldsstj\u00e4rna. Under l\u00e5ng tid har allt runt landslaget varit os\u00e4kert, mediokert och mestadels d\u00e5ligt. Det har varit han eller han \u2013 och vem kan? D\u00e4rf\u00f6r b\u00f6r all inskolning f\u00f6r br\u00f6derna Elm vara \u00f6ver fr\u00e5n och med nu. De [&hellip;]<\/p>\n","protected":false},"author":1,"featured_media":0,"comment_status":"open","ping_status":"open","sticky":false,"template":"","format":"standard","meta":{"footnotes":""},"categories":[47,56],"tags":[376,377,378,73,379],"class_list":["post-525","post","type-post","status-publish","format-standard","hentry","category-sverige","category-vm-kronika","tag-elmifiering","tag-rasmus-elm","tag-viktor-elm","tag-zlatan","tag-zlatanism"],"_links":{"self":[{"href":"https:\/\/vm-2010.se\/blogg\/wp-json\/wp\/v2\/posts\/525","targetHints":{"allow":["GET"]}}],"collection":[{"href":"https:\/\/vm-2010.se\/blogg\/wp-json\/wp\/v2\/posts"}],"about":[{"href":"https:\/\/vm-2010.se\/blogg\/wp-json\/wp\/v2\/types\/post"}],"author":[{"embeddable":true,"href":"https:\/\/vm-2010.se\/blogg\/wp-json\/wp\/v2\/users\/1"}],"replies":[{"embeddable":true,"href":"https:\/\/vm-2010.se\/blogg\/wp-json\/wp\/v2\/comments?post=525"}],"version-history":[{"count":1,"href":"https:\/\/vm-2010.se\/blogg\/wp-json\/wp\/v2\/posts\/525\/revisions"}],"predecessor-version":[{"id":527,"href":"https:\/\/vm-2010.se\/blogg\/wp-json\/wp\/v2\/posts\/525\/revisions\/527"}],"wp:attachment":[{"href":"https:\/\/vm-2010.se\/blogg\/wp-json\/wp\/v2\/media?parent=525"}],"wp:term":[{"taxonomy":"category","embeddable":true,"href":"https:\/\/vm-2010.se\/blogg\/wp-json\/wp\/v2\/categories?post=525"},{"taxonomy":"post_tag","embeddable":true,"href":"https:\/\/vm-2010.se\/blogg\/wp-json\/wp\/v2\/tags?post=525"}],"curies":[{"name":"wp","href":"https:\/\/api.w.org\/{rel}","templated":true}]}}