{"id":523,"date":"2009-03-18T12:33:03","date_gmt":"2009-03-18T11:33:03","guid":{"rendered":"https:\/\/vm-2010.se\/blogg\/?p=523"},"modified":"2024-04-10T08:25:45","modified_gmt":"2024-04-10T06:25:45","slug":"sveriges-trupp-till-odesmatchen","status":"publish","type":"post","link":"https:\/\/vm-2010.se\/blogg\/sveriges-trupp-till-odesmatchen\/","title":{"rendered":"Sveriges trupp till \u00f6desmatchen"},"content":{"rendered":"\n<p><strong>Sverige och Portugal ligger illa till i VM-kvalet efter bara en seger p\u00e5 de inledande matcherna. Den 28 mars m\u00f6ts lagen nere i Portugal och svenska f\u00f6rbundskaptenerna har nu sl\u00e4ppts den svenska truppen.<\/strong><\/p>\n\n\n\n<p>Truppen inneh\u00f6ll inga stora \u00f6verraskningar. Zlatan Ibrahimovic \u00e4r avst\u00e4ngd och det spekulerades i att Henok Goitom skulle ta hans plats i st\u00e4llet. Men Henrik Larsson och Johan Elmander som varit fr\u00e5getecken finns nu med i truppen tillsammans med anfallarna Markus Rosenberg och Marcus Berg.<\/p>\n\n\n\n<p>Intressant \u00e4r ocks\u00e5 att Ramus Elm f\u00e5r f\u00f6rnyat f\u00f6rtroende och det inneb\u00e4r att vi har tv\u00e5 br\u00f6der Elm (\u00e4ven Viktor) med till den viktiga kvalmatchen. En annan Ramus, Lindgren, ers\u00e4tter l\u00e5rskadade Daniel Andersson. \u00c4ven IFK G\u00f6teborgs h\u00f6gerback Adam Johansson fick en plats. F\u00f6ljande trupp kommer \u00e4ven spela tr\u00e4ningsmatchen mot Serbien i Belgrad den 1 april.&nbsp;<\/p>\n\n\n\n<p><strong>M\u00e5lvakter<br><\/strong>Andreas Isaksson, PSV Eindhoven.<br>Johan Wiland, FC K\u00f6penhamn.<br>Eddie Gustafsson, Red Bull Salzburg.<\/p>\n\n\n\n<p><strong>F\u00f6rsvarare<br><\/strong>Petter Hansson, Rennes.<br>Adam Johansson, IFK G\u00f6teborg.<br>Daniel Majstorovic, AEK Aten.<br>Olof Mellberg, Juventus.<br>Mikael Nilsson, Panathinaikos.<br>Andreas Granqvist, Groningen.<br>Behrang Safari, FC Basel.<br>Erik Edman, Wigan.<\/p>\n\n\n\n<p><strong>Mittf\u00e4ltare\/anfallare<br><\/strong>Viktor Elm, Heerenveen.<br>Rasmus Elm, Kalmar FF.<br>Kim K\u00e4llstr\u00f6m, Lyon.<br>Johan Elmander, Bolton.<br>Samuel Holm\u00e9n, Br\u00f6ndby.<br>Marcus Berg, Groningen.<br>Henrik Larsson, Helsingborg.<br>Anders Svensson, Elfsborg.<br>Sebastian Larsson, Birmingham.<br>Christian Wilhelmsson, Al Hilal.<br>Rasmus Lindgren, Ajax.<br>Markus Rosenberg, Werder Bremen.<\/p>\n\n\n\n<p>Matchen mot Portugal spelas 28 mars klockan 20.45 och direkts\u00e4nds i TV6.<\/p>\n\n\n\n<p>Andreas Lundin<\/p>\n","protected":false},"excerpt":{"rendered":"<p>Sverige och Portugal ligger illa till i VM-kvalet efter bara en seger p\u00e5 de inledande matcherna. Den 28 mars m\u00f6ts lagen nere i Portugal och svenska f\u00f6rbundskaptenerna har nu sl\u00e4ppts den svenska truppen. Truppen inneh\u00f6ll inga stora \u00f6verraskningar. Zlatan Ibrahimovic \u00e4r avst\u00e4ngd och det spekulerades i att Henok Goitom skulle ta hans plats i st\u00e4llet. [&hellip;]<\/p>\n","protected":false},"author":1,"featured_media":0,"comment_status":"open","ping_status":"open","sticky":false,"template":"","format":"standard","meta":{"footnotes":""},"categories":[47,8],"tags":[139,15,375],"class_list":["post-523","post","type-post","status-publish","format-standard","hentry","category-sverige","category-fotboll-vm-kval","tag-portugal","tag-sverige","tag-trupp"],"_links":{"self":[{"href":"https:\/\/vm-2010.se\/blogg\/wp-json\/wp\/v2\/posts\/523","targetHints":{"allow":["GET"]}}],"collection":[{"href":"https:\/\/vm-2010.se\/blogg\/wp-json\/wp\/v2\/posts"}],"about":[{"href":"https:\/\/vm-2010.se\/blogg\/wp-json\/wp\/v2\/types\/post"}],"author":[{"embeddable":true,"href":"https:\/\/vm-2010.se\/blogg\/wp-json\/wp\/v2\/users\/1"}],"replies":[{"embeddable":true,"href":"https:\/\/vm-2010.se\/blogg\/wp-json\/wp\/v2\/comments?post=523"}],"version-history":[{"count":1,"href":"https:\/\/vm-2010.se\/blogg\/wp-json\/wp\/v2\/posts\/523\/revisions"}],"predecessor-version":[{"id":524,"href":"https:\/\/vm-2010.se\/blogg\/wp-json\/wp\/v2\/posts\/523\/revisions\/524"}],"wp:attachment":[{"href":"https:\/\/vm-2010.se\/blogg\/wp-json\/wp\/v2\/media?parent=523"}],"wp:term":[{"taxonomy":"category","embeddable":true,"href":"https:\/\/vm-2010.se\/blogg\/wp-json\/wp\/v2\/categories?post=523"},{"taxonomy":"post_tag","embeddable":true,"href":"https:\/\/vm-2010.se\/blogg\/wp-json\/wp\/v2\/tags?post=523"}],"curies":[{"name":"wp","href":"https:\/\/api.w.org\/{rel}","templated":true}]}}