{"id":48,"date":"2008-05-22T16:38:00","date_gmt":"2008-05-22T14:38:00","guid":{"rendered":"https:\/\/vm-2010.se\/blogg\/?p=48"},"modified":"2024-04-09T07:19:30","modified_gmt":"2024-04-09T05:19:30","slug":"brasse-eftertrader-brasse-i-sydafrika","status":"publish","type":"post","link":"https:\/\/vm-2010.se\/blogg\/brasse-eftertrader-brasse-i-sydafrika\/","title":{"rendered":"Brasse eftertr\u00e4der brasse i Sydafrika"},"content":{"rendered":"\n<p><strong>Det blev inget tr\u00e4narjobb f\u00f6r Sven-G\u00f6ran Eriksson i Sydafrika. I st\u00e4llet \u00e4r det brassen Joel Santana som tar \u00f6ver efter Carlos Alberto Parreira som huvudtr\u00e4naren f\u00f6r det sydafrikanska landslaget.<\/strong><\/p>\n\n\n\n<p>59-\u00e5rige Joel Santana kommer n\u00e4rmast fr\u00e5n det brasilianska storlaget Flamengo. Uppgiften blir att f\u00f6rbereda det sydafrikanska landslaget inf\u00f6r hemma-VM 2010. Och han f\u00e5r ordentligt med betalt f\u00f6r jobbet. Hans tidigare chef i Flamengo sa att han kommer tj\u00e4na mer under de h\u00e4r 30 m\u00e5naderna \u00e4n vad han tj\u00e4nat under de 30 senaste \u00e5ren.<\/p>\n\n\n\n<p>F\u00f6rutom klubbar i Brasilien har Santana \u00e4ven tr\u00e4nat klubbar i Japan och Saudi-Arabien. Men Sydafrika blir det f\u00f6rsta landslag han basar \u00f6ver. Parreira valde att satsa p\u00e5 m\u00e5nga unga spelare i landslaget och Santana verkar vara inne p\u00e5 samma linje d\u00e5 han i onsdags presenterade en i stort sett of\u00f6r\u00e4ndrad trupp. Truppen \u00e4r till hans f\u00f6rsta t\u00e4vlingsmatch, som \u00e4r mot Nigeria den 1 juni i kvalet till de afrikanska m\u00e4sterskapen 2010.<\/p>\n\n\n\n<p>Sydafrika har sjunkit till 71:a plats p\u00e5 v\u00e4rldsrakningen, och en seger i den tuffa matchen skulle kunna f\u00e5 sj\u00e4lvf\u00f6rtroendet tillbaka till spelarna och ge Santana en dr\u00f6mstart p\u00e5 det nya tr\u00e4narjobbet.<\/p>\n\n\n\n<p>&nbsp;Andreas Lundin<\/p>\n","protected":false},"excerpt":{"rendered":"<p>Det blev inget tr\u00e4narjobb f\u00f6r Sven-G\u00f6ran Eriksson i Sydafrika. I st\u00e4llet \u00e4r det brassen Joel Santana som tar \u00f6ver efter Carlos Alberto Parreira som huvudtr\u00e4naren f\u00f6r det sydafrikanska landslaget. 59-\u00e5rige Joel Santana kommer n\u00e4rmast fr\u00e5n det brasilianska storlaget Flamengo. Uppgiften blir att f\u00f6rbereda det sydafrikanska landslaget inf\u00f6r hemma-VM 2010. Och han f\u00e5r ordentligt med betalt [&hellip;]<\/p>\n","protected":false},"author":1,"featured_media":0,"comment_status":"open","ping_status":"open","sticky":false,"template":"","format":"standard","meta":{"footnotes":""},"categories":[19,49,5],"tags":[68,62,63,64],"class_list":["post-48","post","type-post","status-publish","format-standard","hentry","category-afrikanska-masterskapet","category-sydafrika","category-vm-2010","tag-landslag","tag-parreira","tag-santana","tag-sven-goran-eriksson"],"_links":{"self":[{"href":"https:\/\/vm-2010.se\/blogg\/wp-json\/wp\/v2\/posts\/48","targetHints":{"allow":["GET"]}}],"collection":[{"href":"https:\/\/vm-2010.se\/blogg\/wp-json\/wp\/v2\/posts"}],"about":[{"href":"https:\/\/vm-2010.se\/blogg\/wp-json\/wp\/v2\/types\/post"}],"author":[{"embeddable":true,"href":"https:\/\/vm-2010.se\/blogg\/wp-json\/wp\/v2\/users\/1"}],"replies":[{"embeddable":true,"href":"https:\/\/vm-2010.se\/blogg\/wp-json\/wp\/v2\/comments?post=48"}],"version-history":[{"count":1,"href":"https:\/\/vm-2010.se\/blogg\/wp-json\/wp\/v2\/posts\/48\/revisions"}],"predecessor-version":[{"id":49,"href":"https:\/\/vm-2010.se\/blogg\/wp-json\/wp\/v2\/posts\/48\/revisions\/49"}],"wp:attachment":[{"href":"https:\/\/vm-2010.se\/blogg\/wp-json\/wp\/v2\/media?parent=48"}],"wp:term":[{"taxonomy":"category","embeddable":true,"href":"https:\/\/vm-2010.se\/blogg\/wp-json\/wp\/v2\/categories?post=48"},{"taxonomy":"post_tag","embeddable":true,"href":"https:\/\/vm-2010.se\/blogg\/wp-json\/wp\/v2\/tags?post=48"}],"curies":[{"name":"wp","href":"https:\/\/api.w.org\/{rel}","templated":true}]}}