{"id":413,"date":"2009-04-15T09:09:00","date_gmt":"2009-04-15T07:09:00","guid":{"rendered":"https:\/\/vm-2010.se\/blogg\/?p=413"},"modified":"2024-04-09T14:06:24","modified_gmt":"2024-04-09T12:06:24","slug":"svennis-ute-ur-leken","status":"publish","type":"post","link":"https:\/\/vm-2010.se\/blogg\/svennis-ute-ur-leken\/","title":{"rendered":"Svennis ute ur leken"},"content":{"rendered":"\n<p>Sven-G\u00f6ran \u201d Svennis\u201d Eriksson har f\u00e5tt sparken som f\u00f6rbundskapten f\u00f6r Mexico.<\/p>\n\n\n\n<p>Enligt en av de st\u00f6rsta fotbollstidningarna online i Mexico Medio Tiempo s\u00e4ger mexikanska fotbollsf\u00f6rbundets ordf\u00f6rande Justino Compe\u00e1n att beslutet togs eftersom de inte kan riskera Mexicos deltagande i VM 2010.<\/p>\n\n\n\n<p>Efter bara tio m\u00e5nader p\u00e5 sin post som f\u00f6rbundskapten f\u00f6r Mexico fick slutligen Svennis sparken efter ett antal incidenter, senast f\u00f6rlustmatchen mot Honduras. D\u00e5 var det tal om att fr\u00e5gan skulle upp till diskussion och nu \u00e4r det allts\u00e5 en realitet. Svennis delar m\u00e5ngas \u00f6de nu i finanskrisen och blir nu \u00e5ter arbetsl\u00f6s.<\/p>\n\n\n\n<p>F\u00f6rra g\u00e5ngen fick han sparken som manager f\u00f6r Manchester City. N\u00e4r han nu tittar tillbaka p\u00e5 sin tid som f\u00f6rbundskapten f\u00f6r Mexico \u00e4r det en dyster l\u00e4sning. F\u00f6rutom att det har stormat en del kring honom kan han se hur det lag han lett f\u00f6rlorat inte mindre \u00e4n tv\u00e5 av tre kvalmatcher till VM samt inte vunnit en enda match av landets t\u00e4vlingsmatcher p\u00e5 bortaplan. Som om det inte vore nog hamnar nu Mexico som fyra i tabellen efter Honduras och f\u00f6re Honduras.<\/p>\n\n\n\n<p>Till svenska TT kommenterade \u201dSvennis\u201d f\u00f6rlusten med:<br>\u2013 Jag gillade arbetet och landet, men f\u00f6rr eller senare tar t\u00e5lamodet slut.<\/p>\n\n\n\n<p>Svennis glansdagar s\u00e5som de var n\u00e4r han var tr\u00e4nare f\u00f6r Manchester United verkar vara \u00f6ver. Det \u00e5terst\u00e5r att se hur framtiden ter sig f\u00f6r Svennis men v\u00e5gar man g\u00f6ra en bet online p\u00e5 att han kommer att komma tillbaka som f\u00f6rbundskapten snart? Det spekuleras att han kanske ska ta \u00f6ver den svenska VM-truppen men det verkar avl\u00e4gset, speciellt med tanke p\u00e5 att Svenska Fotbollsf\u00f6rbundet f\u00f6rnekat det. F\u00f6rmodligen \u00e4r det s\u00e4krare att satsa p\u00e5 att han kommer att ta time-out ett tag.<\/p>\n","protected":false},"excerpt":{"rendered":"<p>Sven-G\u00f6ran \u201d Svennis\u201d Eriksson har f\u00e5tt sparken som f\u00f6rbundskapten f\u00f6r Mexico. Enligt en av de st\u00f6rsta fotbollstidningarna online i Mexico Medio Tiempo s\u00e4ger mexikanska fotbollsf\u00f6rbundets ordf\u00f6rande Justino Compe\u00e1n att beslutet togs eftersom de inte kan riskera Mexicos deltagande i VM 2010. Efter bara tio m\u00e5nader p\u00e5 sin post som f\u00f6rbundskapten f\u00f6r Mexico fick slutligen Svennis [&hellip;]<\/p>\n","protected":false},"author":1,"featured_media":0,"comment_status":"open","ping_status":"open","sticky":false,"template":"","format":"standard","meta":{"footnotes":""},"categories":[12],"tags":[331,161,64,260],"class_list":["post-413","post","type-post","status-publish","format-standard","hentry","category-landslag","tag-forbundskapten","tag-mexico","tag-sven-goran-eriksson","tag-svennis"],"_links":{"self":[{"href":"https:\/\/vm-2010.se\/blogg\/wp-json\/wp\/v2\/posts\/413","targetHints":{"allow":["GET"]}}],"collection":[{"href":"https:\/\/vm-2010.se\/blogg\/wp-json\/wp\/v2\/posts"}],"about":[{"href":"https:\/\/vm-2010.se\/blogg\/wp-json\/wp\/v2\/types\/post"}],"author":[{"embeddable":true,"href":"https:\/\/vm-2010.se\/blogg\/wp-json\/wp\/v2\/users\/1"}],"replies":[{"embeddable":true,"href":"https:\/\/vm-2010.se\/blogg\/wp-json\/wp\/v2\/comments?post=413"}],"version-history":[{"count":1,"href":"https:\/\/vm-2010.se\/blogg\/wp-json\/wp\/v2\/posts\/413\/revisions"}],"predecessor-version":[{"id":414,"href":"https:\/\/vm-2010.se\/blogg\/wp-json\/wp\/v2\/posts\/413\/revisions\/414"}],"wp:attachment":[{"href":"https:\/\/vm-2010.se\/blogg\/wp-json\/wp\/v2\/media?parent=413"}],"wp:term":[{"taxonomy":"category","embeddable":true,"href":"https:\/\/vm-2010.se\/blogg\/wp-json\/wp\/v2\/categories?post=413"},{"taxonomy":"post_tag","embeddable":true,"href":"https:\/\/vm-2010.se\/blogg\/wp-json\/wp\/v2\/tags?post=413"}],"curies":[{"name":"wp","href":"https:\/\/api.w.org\/{rel}","templated":true}]}}