{"id":409,"date":"2009-06-09T09:02:00","date_gmt":"2009-06-09T07:02:00","guid":{"rendered":"https:\/\/vm-2010.se\/blogg\/?p=409"},"modified":"2024-04-10T11:27:20","modified_gmt":"2024-04-10T09:27:20","slug":"hysen-den-svenska-truppen","status":"publish","type":"post","link":"https:\/\/vm-2010.se\/blogg\/hysen-den-svenska-truppen\/","title":{"rendered":"Hys\u00e9n &amp; den svenska truppen"},"content":{"rendered":"\n<p>D\u00e5 Henrik Larsson l\u00e4mnat truppen av familjesk\u00e4l s\u00e5 kallades den allsvenske&nbsp;skytteligaledaren&nbsp;Tobias Hys\u00e9n in. Hys\u00e9n befann sig p\u00e5 resande fot d\u00e5 han kallades in. Hys\u00e9n ansl\u00f6t sig till truppen ig\u00e5r (090608) f\u00f6r att delta i tr\u00e4ningen.<\/p>\n\n\n\n<p>Den svenska truppen \u00e4r s\u00e5 gott som skadefri, vilket b\u00e5dar gott inf\u00f6r den kommande kvalmatchen.<\/p>\n\n\n\n<p><strong>F\u00f6ljande landslagstrupp \u00e4r uttagen inf\u00f6r matchen mot Malta;<\/strong><br>John Alvb\u00e5ge, \u00d6rebro<br>Eddie Gustafsson, FC Red Bull Salzburg<br>Andreas Isaksson, PSV Eindhoven<br>Andreas Granqvist, FC Groningen<br>Petter Hansson, Stade Rennais FC<br>Adam Johansson, IFK G\u00f6teborg<br>Daniel Majstorovic, AEK FC<br>Olof Mellberg, Juventus FC<br>Mikael Nilsson, Panathinaikos FC<br>Behrang Safari, FC Basel<br>Oscar Wendt, FC K\u00f8benhavn<br>Daniel Andersson, Malm\u00f6 FF<br>Marcus Berg, FC Groningen<br>Rasmus Elm, Kalmar FF<br>Viktor Elm, SC Heerenveen<br>Johan Elmander, Bolton Wanderers FC<br>Samuel Holm\u00e9n, Br\u00f8ndby IF<br>Tobias Hys\u00e9n, IFK G\u00f6teborg<br>Zlatan Ibrahimovic, FC Internazionale<br>Kim K\u00e4llstr\u00f6m, Olympique Lyonnais<br>Henrik Larsson, Helsingborgs IF (deltagande os\u00e4kert)<br>Sebastian Larsson, Birmingham City FC<br>Anders Svensson, IF Elfsborg<br>Christian Wilhelmsson, Al-Hilal<\/p>\n","protected":false},"excerpt":{"rendered":"<p>D\u00e5 Henrik Larsson l\u00e4mnat truppen av familjesk\u00e4l s\u00e5 kallades den allsvenske&nbsp;skytteligaledaren&nbsp;Tobias Hys\u00e9n in. Hys\u00e9n befann sig p\u00e5 resande fot d\u00e5 han kallades in. Hys\u00e9n ansl\u00f6t sig till truppen ig\u00e5r (090608) f\u00f6r att delta i tr\u00e4ningen. Den svenska truppen \u00e4r s\u00e5 gott som skadefri, vilket b\u00e5dar gott inf\u00f6r den kommande kvalmatchen. F\u00f6ljande landslagstrupp \u00e4r uttagen inf\u00f6r [&hellip;]<\/p>\n","protected":false},"author":1,"featured_media":0,"comment_status":"open","ping_status":"open","sticky":false,"template":"","format":"standard","meta":{"footnotes":""},"categories":[12,8],"tags":[326,327],"class_list":["post-409","post","type-post","status-publish","format-standard","hentry","category-landslag","category-fotboll-vm-kval","tag-kval-mot-malta","tag-svenska-truppen"],"_links":{"self":[{"href":"https:\/\/vm-2010.se\/blogg\/wp-json\/wp\/v2\/posts\/409","targetHints":{"allow":["GET"]}}],"collection":[{"href":"https:\/\/vm-2010.se\/blogg\/wp-json\/wp\/v2\/posts"}],"about":[{"href":"https:\/\/vm-2010.se\/blogg\/wp-json\/wp\/v2\/types\/post"}],"author":[{"embeddable":true,"href":"https:\/\/vm-2010.se\/blogg\/wp-json\/wp\/v2\/users\/1"}],"replies":[{"embeddable":true,"href":"https:\/\/vm-2010.se\/blogg\/wp-json\/wp\/v2\/comments?post=409"}],"version-history":[{"count":1,"href":"https:\/\/vm-2010.se\/blogg\/wp-json\/wp\/v2\/posts\/409\/revisions"}],"predecessor-version":[{"id":410,"href":"https:\/\/vm-2010.se\/blogg\/wp-json\/wp\/v2\/posts\/409\/revisions\/410"}],"wp:attachment":[{"href":"https:\/\/vm-2010.se\/blogg\/wp-json\/wp\/v2\/media?parent=409"}],"wp:term":[{"taxonomy":"category","embeddable":true,"href":"https:\/\/vm-2010.se\/blogg\/wp-json\/wp\/v2\/categories?post=409"},{"taxonomy":"post_tag","embeddable":true,"href":"https:\/\/vm-2010.se\/blogg\/wp-json\/wp\/v2\/tags?post=409"}],"curies":[{"name":"wp","href":"https:\/\/api.w.org\/{rel}","templated":true}]}}