{"id":399,"date":"2010-06-10T08:48:00","date_gmt":"2010-06-10T06:48:00","guid":{"rendered":"https:\/\/vm-2010.se\/blogg\/?p=399"},"modified":"2024-04-09T14:03:06","modified_gmt":"2024-04-09T12:03:06","slug":"schweiziska-lagkaptenen-skadad","status":"publish","type":"post","link":"https:\/\/vm-2010.se\/blogg\/schweiziska-lagkaptenen-skadad\/","title":{"rendered":"Schweiziska lagkaptenen skadad"},"content":{"rendered":"\n<p><strong>Den schweiziska lagkaptenen Alex Frei har r\u00e5kat ut f\u00f6r en vristskada som gjort hans deltagande i VM os\u00e4kert, mycket till fansens oro.<\/strong><\/p>\n\n\n<div class=\"wp-block-image\">\n<figure class=\"alignright size-full\"><img loading=\"lazy\" decoding=\"async\" width=\"200\" height=\"250\" src=\"https:\/\/vm-2010.se\/blogg\/wp-content\/uploads\/2024\/04\/alex_frei.jpg\" alt=\"\" class=\"wp-image-400\"\/><\/figure>\n<\/div>\n\n\n<p>Dock verkar tr\u00e4nare Ottmar Hitzfeld vara mindre orolig f\u00f6r detta d\u00e5 han skickat Alex Frei p\u00e5 flyget ner till Sydafrika.<\/p>\n\n\n\n<p>\u201dJag hoppas att ligamneterna inte \u00e4r skadade\u201d, ber\u00e4ttar Hitzfeld f\u00f6r Schweiziska nyhetsbyr\u00e5n ATS.<\/p>\n\n\n\n<p>\u201dJag tror att Alex kommer att vara med p\u00e5 flyget ner till Sydafrika ikv\u00e4ll, \u00e4ven om det \u00e4r en allvarlig skada. Jag \u00e4r i tron att han kommer att delta i v\u00e4rldsm\u00e4sterskapet\u201d.<\/p>\n\n\n\n<p>Schweiz spelar sin \u00f6ppningsmatch 16 juni mot Spanien.<\/p>\n","protected":false},"excerpt":{"rendered":"<p>Den schweiziska lagkaptenen Alex Frei har r\u00e5kat ut f\u00f6r en vristskada som gjort hans deltagande i VM os\u00e4kert, mycket till fansens oro. Dock verkar tr\u00e4nare Ottmar Hitzfeld vara mindre orolig f\u00f6r detta d\u00e5 han skickat Alex Frei p\u00e5 flyget ner till Sydafrika. \u201dJag hoppas att ligamneterna inte \u00e4r skadade\u201d, ber\u00e4ttar Hitzfeld f\u00f6r Schweiziska nyhetsbyr\u00e5n ATS. [&hellip;]<\/p>\n","protected":false},"author":1,"featured_media":0,"comment_status":"open","ping_status":"open","sticky":false,"template":"","format":"standard","meta":{"footnotes":""},"categories":[12,43],"tags":[318,319,134,320],"class_list":["post-399","post","type-post","status-publish","format-standard","hentry","category-landslag","category-skador","tag-alex-frei","tag-ottmar-hitzfeld","tag-schweiz","tag-skadad"],"_links":{"self":[{"href":"https:\/\/vm-2010.se\/blogg\/wp-json\/wp\/v2\/posts\/399","targetHints":{"allow":["GET"]}}],"collection":[{"href":"https:\/\/vm-2010.se\/blogg\/wp-json\/wp\/v2\/posts"}],"about":[{"href":"https:\/\/vm-2010.se\/blogg\/wp-json\/wp\/v2\/types\/post"}],"author":[{"embeddable":true,"href":"https:\/\/vm-2010.se\/blogg\/wp-json\/wp\/v2\/users\/1"}],"replies":[{"embeddable":true,"href":"https:\/\/vm-2010.se\/blogg\/wp-json\/wp\/v2\/comments?post=399"}],"version-history":[{"count":1,"href":"https:\/\/vm-2010.se\/blogg\/wp-json\/wp\/v2\/posts\/399\/revisions"}],"predecessor-version":[{"id":401,"href":"https:\/\/vm-2010.se\/blogg\/wp-json\/wp\/v2\/posts\/399\/revisions\/401"}],"wp:attachment":[{"href":"https:\/\/vm-2010.se\/blogg\/wp-json\/wp\/v2\/media?parent=399"}],"wp:term":[{"taxonomy":"category","embeddable":true,"href":"https:\/\/vm-2010.se\/blogg\/wp-json\/wp\/v2\/categories?post=399"},{"taxonomy":"post_tag","embeddable":true,"href":"https:\/\/vm-2010.se\/blogg\/wp-json\/wp\/v2\/tags?post=399"}],"curies":[{"name":"wp","href":"https:\/\/api.w.org\/{rel}","templated":true}]}}