{"id":373,"date":"2008-06-06T08:31:00","date_gmt":"2008-06-06T06:31:00","guid":{"rendered":"https:\/\/vm-2010.se\/blogg\/?p=373"},"modified":"2024-04-09T12:23:01","modified_gmt":"2024-04-09T10:23:01","slug":"vm-blir-em-under-en-period","status":"publish","type":"post","link":"https:\/\/vm-2010.se\/blogg\/vm-blir-em-under-en-period\/","title":{"rendered":"VM blir EM under en period"},"content":{"rendered":"\n<p><strong>I morgon inleds EM 2008 i Schweiz och \u00d6sterrike och vi h\u00e4r p\u00e5 VM-sajten kommer d\u00e4rf\u00f6r under drygt tre veckor fokusera mer p\u00e5 nuvarande EM.<\/strong><\/p>\n\n\n\n<p>I morgon f\u00f6rmiddag kommer sajten fyllas p\u00e5 med information om EM-grupperna, lagen och spelarna,&nbsp;en artikel som handlar om varf\u00f6r EM kommer bli lugna gatan f\u00f6r Sverige och sj\u00e4lvfallet hur prognosen ser ut inf\u00f6r VM 2010 f\u00f6r de medverkande nationerna.<\/p>\n\n\n\n<p>&nbsp;Under EM kommer sajten uppdateras dagligen med senaste nytt med fokus p\u00e5 de spelade matcherna. Hoppas det blir tre mycket intressanta veckor f\u00f6r oss fotbolls\u00e4lskare och efter turneringens slut s\u00e4tter vi ig\u00e5ng p\u00e5 allvar med VM-f\u00f6rberedelserna eftersom det d\u00e5 \u00e4r mindre \u00e4n tv\u00e5 \u00e5r kvar till den stora turneringen i Sydafrika.<\/p>\n","protected":false},"excerpt":{"rendered":"<p>I morgon inleds EM 2008 i Schweiz och \u00d6sterrike och vi h\u00e4r p\u00e5 VM-sajten kommer d\u00e4rf\u00f6r under drygt tre veckor fokusera mer p\u00e5 nuvarande EM. I morgon f\u00f6rmiddag kommer sajten fyllas p\u00e5 med information om EM-grupperna, lagen och spelarna,&nbsp;en artikel som handlar om varf\u00f6r EM kommer bli lugna gatan f\u00f6r Sverige och sj\u00e4lvfallet hur prognosen [&hellip;]<\/p>\n","protected":false},"author":1,"featured_media":0,"comment_status":"open","ping_status":"open","sticky":false,"template":"","format":"standard","meta":{"footnotes":""},"categories":[29],"tags":[314,292,134],"class_list":["post-373","post","type-post","status-publish","format-standard","hentry","category-em-2008","tag-em-2008","tag-osterrike","tag-schweiz"],"_links":{"self":[{"href":"https:\/\/vm-2010.se\/blogg\/wp-json\/wp\/v2\/posts\/373","targetHints":{"allow":["GET"]}}],"collection":[{"href":"https:\/\/vm-2010.se\/blogg\/wp-json\/wp\/v2\/posts"}],"about":[{"href":"https:\/\/vm-2010.se\/blogg\/wp-json\/wp\/v2\/types\/post"}],"author":[{"embeddable":true,"href":"https:\/\/vm-2010.se\/blogg\/wp-json\/wp\/v2\/users\/1"}],"replies":[{"embeddable":true,"href":"https:\/\/vm-2010.se\/blogg\/wp-json\/wp\/v2\/comments?post=373"}],"version-history":[{"count":1,"href":"https:\/\/vm-2010.se\/blogg\/wp-json\/wp\/v2\/posts\/373\/revisions"}],"predecessor-version":[{"id":374,"href":"https:\/\/vm-2010.se\/blogg\/wp-json\/wp\/v2\/posts\/373\/revisions\/374"}],"wp:attachment":[{"href":"https:\/\/vm-2010.se\/blogg\/wp-json\/wp\/v2\/media?parent=373"}],"wp:term":[{"taxonomy":"category","embeddable":true,"href":"https:\/\/vm-2010.se\/blogg\/wp-json\/wp\/v2\/categories?post=373"},{"taxonomy":"post_tag","embeddable":true,"href":"https:\/\/vm-2010.se\/blogg\/wp-json\/wp\/v2\/tags?post=373"}],"curies":[{"name":"wp","href":"https:\/\/api.w.org\/{rel}","templated":true}]}}