{"id":365,"date":"2008-06-07T08:21:00","date_gmt":"2008-06-07T06:21:00","guid":{"rendered":"https:\/\/vm-2010.se\/blogg\/?p=365"},"modified":"2024-04-09T12:20:30","modified_gmt":"2024-04-09T10:20:30","slug":"infor-grupp-a","status":"publish","type":"post","link":"https:\/\/vm-2010.se\/blogg\/infor-grupp-a\/","title":{"rendered":"Inf\u00f6r Grupp A"},"content":{"rendered":"\n<p><strong>I kv\u00e4ll inleder Grupp A EM-slutspelet och s\u00e5 h\u00e4r ser vi p\u00e5 f\u00f6ruts\u00e4ttningarna i den f\u00f6rsta gruppen.<\/strong><\/p>\n\n\n\n<p>Portugal \u00e4r givetvis stora favoriter och kan g\u00e5 v\u00e4ldigt l\u00e5ngt i den h\u00e4r turneringen. D\u00e4r bakom blir det h\u00e5rd kamp om andraplatsen mellan Tjeckien, Schweiz och Turkiet. \u00c4r det rutinen som avg\u00f6r g\u00e5r Tjeckien vidare, \u00e4r det hemmafav\u00f6ren som avg\u00f6r g\u00e5r Schweiz vidare, men vi tror att det blir talangfulla Turkiet som kniper andraplatsen.<\/p>\n\n\n\n<p><strong>Portugal:<\/strong>&nbsp;Luis Felipe Scolari har haft en ytterst framg\u00e5ngsrik period som f\u00f6rbundskapten f\u00f6r Portugal. Silver vid EM 2004 och semifinal vid VM 2006. Kan laget r\u00e4cka hela v\u00e4gen i \u00e5r? Det finns mycket som talar f\u00f6r det. Framf\u00f6rallt med tanke p\u00e5 Cristiano Ronaldos hysteriska form. Han har snittat ett m\u00e5l per match i Manchester United den h\u00e4r s\u00e4songen trots att han \u00e4r mittf\u00e4ltare. Portugal har just nu \u00e4ven sin b\u00e4sta backbes\u00e4ttning n\u00e5gonsin. Pepe och Ricardo Carvalho h\u00e5ller t\u00e4tt i mitten och p\u00e5 h\u00f6gerkanten kommer Jos\u00e9 Bosingwa st\u00f6rta fram. Men allt i Portugal \u00e4r inte guld som glimmar. M\u00e5lvakten Ricardo Pereira agerar oj\u00e4mnt och har i \u00e5r varit petad i klubblaget. Och fr\u00e5gan \u00e4r vem som ska spela som ensam toppanfallare d\u00e5 ingen av anfallarna i truppen gjort speciellt m\u00e5nga m\u00e5l den h\u00e4r s\u00e4songen. Och centrale mittf\u00e4ltaren Deco har haft en problemfylld s\u00e4song. Det blir nog som b\u00e4st en semifinal f\u00f6r Portugal.<\/p>\n\n\n\n<p>Prognos till VM 2010: Bra. Portugal har lyckats med generationsv\u00e4xlingen och verkar ha en ny gyllene generation p\u00e5 g\u00e5ng. Om tv\u00e5 \u00e5r l\u00e4r fler \u00e4n Ronaldo tagit klivet fr\u00e5n stortalang till v\u00e4rldsstj\u00e4rna och d\u00e4rf\u00f6r kommer Portugal vara en av de stora favoriterna vid VM om tv\u00e5 \u00e5r.&nbsp;&nbsp;<\/p>\n\n\n\n<p><strong>Turkiet:<\/strong>&nbsp;Fatih Terim \u00e4r p\u00e5 v\u00e4g att f\u00f6ryngra laget vilket m\u00e4rktes d\u00e5 nationalikonen Hakan S\u00fckur inte kom med i truppen trots att han gjorde flest m\u00e5l i kvalet. Nu \u00e4r det andra spelare som f\u00e5r kliva fram, framf\u00f6rallt Nihat Kahveci som gjorde 18 ligam\u00e5l i spanska ligan den h\u00e4r s\u00e4songen, men som inte varit liga framg\u00e5ngsrik i landslaget. Han l\u00e4r bilda anfallspar med Tuncay Sanli, som inte riktigt lyckats i Middlesbrough, men som har enorm kapacitet. Nyckelspelaren p\u00e5 mittf\u00e4ltet blir brassen Aurelio som bytte medborgarskap f\u00f6r tv\u00e5 \u00e5r sedan. Han blir ett defensivit ankare i ett annat offensivt lag. Den mest sp\u00e4nnande spelaren i Turkiet \u00e4r \u00e4nd\u00e5 21-\u00e5rige Arda Turan. Han \u00e4r gigantiskt popul\u00e4r i hemlandet och l\u00e4r ta en yttermittf\u00e4ltsplats i startelvan. Det som kan bli Turkiets akillesh\u00e4l \u00e4r backlinjen. Servet Cetin och G\u00f6hkan Zan har visserligen imponerat stort i klubblagen i \u00e5r, men h\u00e4r r\u00f6r det sig om helt annat motst\u00e5nd och de saknar \u00e4ven en del m\u00e4sterskapsrutin.<\/p>\n\n\n\n<p>Prognos till VM 2010: Godk\u00e4nd. Turkiet har m\u00e5nga sp\u00e4nnande spelare p\u00e5 g\u00e5ng, s\u00e5 det \u00e4r lite upp till bevis under nuvarande EM f\u00f6r spelarna att visa att de \u00e4ven h\u00e5ller p\u00e5 landslagsniv\u00e5. I s\u00e5 fall kan Turkiet absolut bli ett lag att r\u00e4kna med i VM om tv\u00e5 \u00e5r.&nbsp;&nbsp;&nbsp;<\/p>\n\n\n\n<p><strong>Schweiz:<\/strong>&nbsp;Att vara v\u00e4rdnation brukar ofta ge en positiv effekt p\u00e5 laget. Genom hela EM-historien har alltid n\u00e5gon EM-nation g\u00e5tt till minst semifinal. Vid den h\u00e4r turneringen l\u00e4r den sviten spricka. Men om det \u00e4r n\u00e5gon av hemmanationerna som ska kunna h\u00e5lla traditionen vid liv \u00e4r det Schweiz. Laget har ett h\u00f6gintressant mittf\u00e4lt med Tranquillo Barnetta och Valon Behrami p\u00e5 kanterna samt Gelson Fernandes och G\u00f6khan Inler som defensivt centrala mittf\u00e4ltare. P\u00e5 topp finns \u00e4ven den effektive Alexander Frei som dessutom jagar m\u00e5lrekord inom schweizisk fotboll. Problemen finns i backlinjen d\u00e4r Patrick M\u00fcller g\u00e5tt skadad i n\u00e4stan ett \u00e5r och Philippe Senderos har agerat oj\u00e4mnt i Arsenal. Schweiz kan mycket v\u00e4l knipa andraplatsen i gruppen med hj\u00e4lp av publiken i ryggen, men laget saknar m\u00e4sterskapsrutin och har spelat d\u00e5ligt i tr\u00e4ningsmatcherna inf\u00f6r EM.<\/p>\n\n\n\n<p>Prognos till VM 2010: Bra. Mittf\u00e4ltarna \u00e4r mellan 21-23 och om de \u00e4r bra redan nu kommer de troligtvis utvecklats ytterligare om tv\u00e5 \u00e5r. D\u00e5 kanske \u00e4ven mittbackarna mognat till sig och Alexander Frei l\u00e4r spela landslagsfotboll i \u00e5tminstone fyra \u00e5r till. Schweiz har goda f\u00f6ruts\u00e4ttningar att ta sig till ett VM-slutspel inom en snar framtid.&nbsp;&nbsp;<\/p>\n\n\n\n<p><strong>Tjeckien:<\/strong>&nbsp;Tjeckerna rankas som nummer tv\u00e5 i gruppen efter Portugal. Och det \u00e4r v\u00e4l inte s\u00e5 konstigt med tanke p\u00e5 att spelarna i de \u00f6vriga lagen i gruppen inte kommer i n\u00e4rheten vad g\u00e4ller m\u00e4sterskapsrutin. Och Tjeckien vann sin kvalgrupp f\u00f6re Tyskland och imponerade stort. Men det finns signaler som tyder p\u00e5 ett Tjeciken kommer g\u00f6ra ett riktigt d\u00e5ligt m\u00e4sterskap. Framf\u00f6rallt handlar det om att spelmotorn Thomas Rosicky skadat sig och inte kan medverka. Pensionerade Pavel Nedved fundera d\u00e5 p\u00e5 att g\u00f6ra comeback, men det blev aldrig av. Visserligen har Jaroslav Plasil och David Jarolim gjort varsin kanons\u00e4song i klubblagen och de kommer skapa m\u00e5lchanser fr\u00e5n kanterna. Men centrallinjen ser v\u00e4ldigt svag ut. Inte minst p\u00e5 topp. D\u00e4r kan man tycka att Jan Koller, Tjeckiens b\u00e4ste m\u00e5lskytt genom tiderna, och Milan Baros, vann skytteligan vid EM 2004, borde s\u00e4tta skr\u00e4ck i motst\u00e5ndarlagen. Men det g\u00f6r de inte. G\u00e4nglige Koller \u00e4r 35 \u00e5r och g\u00f6r nu sina avslutande landskamper och Milan Baros har haft tv\u00e5 katastrofala s\u00e4songer d\u00e4r han knappt gjort ett enda m\u00e5l.<\/p>\n\n\n\n<p>Prognos till VM 2010: D\u00e5lig. Tjeckien hade ett superlag f\u00f6r ett par \u00e5r sedan, men nu \u00e4r den generationen p\u00e5 v\u00e4g att sluta och Tjeckien m\u00e5ste f\u00e5 fram flera unga talanger om de ska forts\u00e4tta vara ett givet lag i varenda stor turnering.<\/p>\n","protected":false},"excerpt":{"rendered":"<p>I kv\u00e4ll inleder Grupp A EM-slutspelet och s\u00e5 h\u00e4r ser vi p\u00e5 f\u00f6ruts\u00e4ttningarna i den f\u00f6rsta gruppen. Portugal \u00e4r givetvis stora favoriter och kan g\u00e5 v\u00e4ldigt l\u00e5ngt i den h\u00e4r turneringen. D\u00e4r bakom blir det h\u00e5rd kamp om andraplatsen mellan Tjeckien, Schweiz och Turkiet. \u00c4r det rutinen som avg\u00f6r g\u00e5r Tjeckien vidare, \u00e4r det hemmafav\u00f6ren [&hellip;]<\/p>\n","protected":false},"author":1,"featured_media":0,"comment_status":"open","ping_status":"open","sticky":false,"template":"","format":"standard","meta":{"footnotes":""},"categories":[29,5],"tags":[139,134,295,285],"class_list":["post-365","post","type-post","status-publish","format-standard","hentry","category-em-2008","category-vm-2010","tag-portugal","tag-schweiz","tag-tjeckien","tag-turkiet"],"_links":{"self":[{"href":"https:\/\/vm-2010.se\/blogg\/wp-json\/wp\/v2\/posts\/365","targetHints":{"allow":["GET"]}}],"collection":[{"href":"https:\/\/vm-2010.se\/blogg\/wp-json\/wp\/v2\/posts"}],"about":[{"href":"https:\/\/vm-2010.se\/blogg\/wp-json\/wp\/v2\/types\/post"}],"author":[{"embeddable":true,"href":"https:\/\/vm-2010.se\/blogg\/wp-json\/wp\/v2\/users\/1"}],"replies":[{"embeddable":true,"href":"https:\/\/vm-2010.se\/blogg\/wp-json\/wp\/v2\/comments?post=365"}],"version-history":[{"count":1,"href":"https:\/\/vm-2010.se\/blogg\/wp-json\/wp\/v2\/posts\/365\/revisions"}],"predecessor-version":[{"id":366,"href":"https:\/\/vm-2010.se\/blogg\/wp-json\/wp\/v2\/posts\/365\/revisions\/366"}],"wp:attachment":[{"href":"https:\/\/vm-2010.se\/blogg\/wp-json\/wp\/v2\/media?parent=365"}],"wp:term":[{"taxonomy":"category","embeddable":true,"href":"https:\/\/vm-2010.se\/blogg\/wp-json\/wp\/v2\/categories?post=365"},{"taxonomy":"post_tag","embeddable":true,"href":"https:\/\/vm-2010.se\/blogg\/wp-json\/wp\/v2\/tags?post=365"}],"curies":[{"name":"wp","href":"https:\/\/api.w.org\/{rel}","templated":true}]}}