{"id":328,"date":"2008-06-22T07:22:00","date_gmt":"2008-06-22T05:22:00","guid":{"rendered":"https:\/\/vm-2010.se\/blogg\/?p=328"},"modified":"2024-04-09T11:56:59","modified_gmt":"2024-04-09T09:56:59","slug":"turkiet-gjorde-det-osannolika-igen","status":"publish","type":"post","link":"https:\/\/vm-2010.se\/blogg\/turkiet-gjorde-det-osannolika-igen\/","title":{"rendered":"Turkiet gjorde det osannolika igen"},"content":{"rendered":"\n<p><strong>F\u00f6r tredje g\u00e5ngen den h\u00e4r turneringen kom Turkiet tillbaka fr\u00e5n ett hoppl\u00f6st underl\u00e4ge och v\u00e4nde till seger. Nu v\u00e4ntar Tysklad i semifinalen.<\/strong><\/p>\n\n\n\n<p><strong>Turkiet \u2013 Kroatien 1-1, 4-2 efter straffar<\/strong><br>Kroatien var stora favoriter inf\u00f6r matchen och var ocks\u00e5 det klart b\u00e4ttre laget under den ordinarie matchtiden. \u00c4ven om spelet inte var bl\u00e4ndande radade de upp farliga m\u00e5lchanser, framf\u00f6rallt under den andra halvleken. Turkiet h\u00f6ll dock undan och ordnade f\u00f6rl\u00e4ngning. V\u00e4l d\u00e4r s\u00e5g det ut som Turkiet f\u00e5tt nya krafter f\u00f6r d\u00e5 var det turkarna som tryckte p\u00e5.<\/p>\n\n\n\n<p>Med en minut kvar av till\u00e4ggstiden slog sedan Kroatien till. Turkiets m\u00e5lvakt Rusto Recber kom p\u00e5 mellanhand och bollen hamnade till slut hos Ivan Klasninc framf\u00f6r m\u00e5l som enkelt kunde vricka in 1-0. Vilt segerjubel utbr\u00f6t p\u00e5 planen d\u00e4r \u00e4ven tr\u00e4naren Slaven Bilic deltog. Det fanns dock ett problem. Matchen var inte slut, och motst\u00e5ndet hette Turkiet. Och dem kan man aldrig r\u00e4kna ut i detta EM. Med matchens sista spark kvitterade Semih Senturk sedan han snappat upp en l\u00e5ngboll som slogs d\u00e5 de kroatiska spelarna sprungit offside.<\/p>\n\n\n\n<p>De kroatiska spelarna s\u00e5g kn\u00e4ckta ut n\u00e4r straffl\u00e4ggningen tog vid, och Luka Modric inledde med att skjuta utanf\u00f6r. Detsamma gjorde Ivan Rakitic, medan Turkiet satte sina straffar. N\u00e4r sedan Rustu Recber r\u00e4ddade Mladen Petrics straff var saken klar. Turkiet hade gjort en ny osannolik v\u00e4ndning och var klart f\u00f6r semifinal d\u00e4r Tyskland v\u00e4ntar.&nbsp;&nbsp;&nbsp;&nbsp;<\/p>\n\n\n\n<p>Andreas Lundin<\/p>\n","protected":false},"excerpt":{"rendered":"<p>F\u00f6r tredje g\u00e5ngen den h\u00e4r turneringen kom Turkiet tillbaka fr\u00e5n ett hoppl\u00f6st underl\u00e4ge och v\u00e4nde till seger. Nu v\u00e4ntar Tysklad i semifinalen. Turkiet \u2013 Kroatien 1-1, 4-2 efter straffarKroatien var stora favoriter inf\u00f6r matchen och var ocks\u00e5 det klart b\u00e4ttre laget under den ordinarie matchtiden. \u00c4ven om spelet inte var bl\u00e4ndande radade de upp farliga [&hellip;]<\/p>\n","protected":false},"author":1,"featured_media":0,"comment_status":"open","ping_status":"open","sticky":false,"template":"","format":"standard","meta":{"footnotes":""},"categories":[29],"tags":[284,285],"class_list":["post-328","post","type-post","status-publish","format-standard","hentry","category-em-2008","tag-kroatien","tag-turkiet"],"_links":{"self":[{"href":"https:\/\/vm-2010.se\/blogg\/wp-json\/wp\/v2\/posts\/328","targetHints":{"allow":["GET"]}}],"collection":[{"href":"https:\/\/vm-2010.se\/blogg\/wp-json\/wp\/v2\/posts"}],"about":[{"href":"https:\/\/vm-2010.se\/blogg\/wp-json\/wp\/v2\/types\/post"}],"author":[{"embeddable":true,"href":"https:\/\/vm-2010.se\/blogg\/wp-json\/wp\/v2\/users\/1"}],"replies":[{"embeddable":true,"href":"https:\/\/vm-2010.se\/blogg\/wp-json\/wp\/v2\/comments?post=328"}],"version-history":[{"count":1,"href":"https:\/\/vm-2010.se\/blogg\/wp-json\/wp\/v2\/posts\/328\/revisions"}],"predecessor-version":[{"id":329,"href":"https:\/\/vm-2010.se\/blogg\/wp-json\/wp\/v2\/posts\/328\/revisions\/329"}],"wp:attachment":[{"href":"https:\/\/vm-2010.se\/blogg\/wp-json\/wp\/v2\/media?parent=328"}],"wp:term":[{"taxonomy":"category","embeddable":true,"href":"https:\/\/vm-2010.se\/blogg\/wp-json\/wp\/v2\/categories?post=328"},{"taxonomy":"post_tag","embeddable":true,"href":"https:\/\/vm-2010.se\/blogg\/wp-json\/wp\/v2\/tags?post=328"}],"curies":[{"name":"wp","href":"https:\/\/api.w.org\/{rel}","templated":true}]}}