{"id":292,"date":"2010-06-06T10:34:00","date_gmt":"2010-06-06T08:34:00","guid":{"rendered":"https:\/\/vm-2010.se\/blogg\/?p=292"},"modified":"2024-04-09T13:55:48","modified_gmt":"2024-04-09T11:55:48","slug":"drogba-skadad","status":"publish","type":"post","link":"https:\/\/vm-2010.se\/blogg\/drogba-skadad\/","title":{"rendered":"Drogba skadad"},"content":{"rendered":"\n<p><strong>Didier Drogba kan komma att missa fotbolls-VM 2010. Stj\u00e4rnan fr\u00e5n Elfenbenskusten har n\u00e4mligen drabbats av en fraktur i ena armb\u00e5gen.<\/strong><\/p>\n\n\n\n<p>Dider Drogba spelade bara en dryg kvart av Elfenbenskustens VM-genrep mot Japan p\u00e5 fredagen. Chelseaspelaren f\u00f6ll efter en duell med Marcus Tulio Tanaka och byttes ocks\u00e5 ut efter 16 minuter. Elfenbenskusten hoppas \u00e4nd\u00e5 att nationens stj\u00e4rna ska bli spelklar till VM.<\/p>\n\n\n\n<p>\u201dElfenbenskustens fotbollsf\u00f6rbund p\u00e5pekar att Didier Drogba f\u00f6r tillf\u00e4llet inte r\u00e4knas bort fr\u00e5n VM 2010\u201d.<\/p>\n\n\n\n<p>\u2014 Vi vet inte om han kan delta i VM. Det \u00e4r givetvis mycket oroande. Han \u00e4r v\u00e5r kapten och en av v\u00e4rldens fr\u00e4msta anfallare, sade Elfenbenskustens f\u00f6rbundskapten Sven-G\u00f6ran Eriksson tidigare till nyhetsbyr\u00e5n AFP.<\/p>\n\n\n\n<p>Elfenbenskusten vann matchen med 2\u20140 efter m\u00e5l i andra halvlek av Kolo Tour\u00e9.<\/p>\n","protected":false},"excerpt":{"rendered":"<p>Didier Drogba kan komma att missa fotbolls-VM 2010. Stj\u00e4rnan fr\u00e5n Elfenbenskusten har n\u00e4mligen drabbats av en fraktur i ena armb\u00e5gen. Dider Drogba spelade bara en dryg kvart av Elfenbenskustens VM-genrep mot Japan p\u00e5 fredagen. Chelseaspelaren f\u00f6ll efter en duell med Marcus Tulio Tanaka och byttes ocks\u00e5 ut efter 16 minuter. Elfenbenskusten hoppas \u00e4nd\u00e5 att nationens [&hellip;]<\/p>\n","protected":false},"author":1,"featured_media":0,"comment_status":"open","ping_status":"open","sticky":false,"template":"","format":"standard","meta":{"footnotes":""},"categories":[37,43],"tags":[261,262,263,122,146,264],"class_list":["post-292","post","type-post","status-publish","format-standard","hentry","category-landskamper","category-skador","tag-chelseastjarnan","tag-didier-drogba","tag-duell","tag-elfenbenskusten","tag-japan","tag-vm-genrep"],"_links":{"self":[{"href":"https:\/\/vm-2010.se\/blogg\/wp-json\/wp\/v2\/posts\/292","targetHints":{"allow":["GET"]}}],"collection":[{"href":"https:\/\/vm-2010.se\/blogg\/wp-json\/wp\/v2\/posts"}],"about":[{"href":"https:\/\/vm-2010.se\/blogg\/wp-json\/wp\/v2\/types\/post"}],"author":[{"embeddable":true,"href":"https:\/\/vm-2010.se\/blogg\/wp-json\/wp\/v2\/users\/1"}],"replies":[{"embeddable":true,"href":"https:\/\/vm-2010.se\/blogg\/wp-json\/wp\/v2\/comments?post=292"}],"version-history":[{"count":1,"href":"https:\/\/vm-2010.se\/blogg\/wp-json\/wp\/v2\/posts\/292\/revisions"}],"predecessor-version":[{"id":293,"href":"https:\/\/vm-2010.se\/blogg\/wp-json\/wp\/v2\/posts\/292\/revisions\/293"}],"wp:attachment":[{"href":"https:\/\/vm-2010.se\/blogg\/wp-json\/wp\/v2\/media?parent=292"}],"wp:term":[{"taxonomy":"category","embeddable":true,"href":"https:\/\/vm-2010.se\/blogg\/wp-json\/wp\/v2\/categories?post=292"},{"taxonomy":"post_tag","embeddable":true,"href":"https:\/\/vm-2010.se\/blogg\/wp-json\/wp\/v2\/tags?post=292"}],"curies":[{"name":"wp","href":"https:\/\/api.w.org\/{rel}","templated":true}]}}