{"id":272,"date":"2009-05-17T08:34:00","date_gmt":"2009-05-17T06:34:00","guid":{"rendered":"https:\/\/vm-2010.se\/blogg\/?p=272"},"modified":"2024-04-09T13:13:45","modified_gmt":"2024-04-09T11:13:45","slug":"qatar-vill-ha-vm-2022","status":"publish","type":"post","link":"https:\/\/vm-2010.se\/blogg\/qatar-vill-ha-vm-2022\/","title":{"rendered":"Qatar vill ha VM 2022"},"content":{"rendered":"<div class=\"wp-block-image\">\n<figure class=\"alignright size-full is-resized\"><img loading=\"lazy\" decoding=\"async\" width=\"340\" height=\"297\" src=\"https:\/\/vm-2010.se\/blogg\/wp-content\/uploads\/2024\/03\/qatar.jpg\" alt=\"\" class=\"wp-image-273\" style=\"width:215px;height:auto\" srcset=\"https:\/\/vm-2010.se\/blogg\/wp-content\/uploads\/2024\/03\/qatar.jpg 340w, https:\/\/vm-2010.se\/blogg\/wp-content\/uploads\/2024\/03\/qatar-300x262.jpg 300w\" sizes=\"auto, (max-width: 340px) 100vw, 340px\" \/><\/figure>\n<\/div>\n\n\n<p>Qatar kan komma att bli den f\u00f6rsta nationen i Mellan\u00f6stern att arrangera ett fotbolls-VM. Under s\u00f6ndagen (17:e maj) tillk\u00e4nnagav, slutgiltigt, emiratet p\u00e5 Arabiska halv\u00f6ns nordkust att landet s\u00f6ker om fotbolls-VM 2022.<\/p>\n\n\n\n<p>\u2013 Det f\u00f6rsta v\u00e4rldsomfattande sportevenemanget i Mellan\u00f6stern skulle ge m\u00f6jlighet till f\u00f6rst\u00e5else och enighet mellan arabv\u00e4rlden och v\u00e4st, s\u00e4ger shejk Mohammed bin Hamad bin Khalifa al-Thani, kampanjens president.<\/p>\n\n\n\n<p>\u00d6vriga s\u00f6kanden \u00e4r Korea, Tjeckien, Australien, Belgien &amp; Nederl\u00e4nderna, England, Indonesien, Japan, Mexiko, Ryssland, Spanien &amp; Portugal samt USA.<\/p>\n","protected":false},"excerpt":{"rendered":"<p>Qatar kan komma att bli den f\u00f6rsta nationen i Mellan\u00f6stern att arrangera ett fotbolls-VM. Under s\u00f6ndagen (17:e maj) tillk\u00e4nnagav, slutgiltigt, emiratet p\u00e5 Arabiska halv\u00f6ns nordkust att landet s\u00f6ker om fotbolls-VM 2022. \u2013 Det f\u00f6rsta v\u00e4rldsomfattande sportevenemanget i Mellan\u00f6stern skulle ge m\u00f6jlighet till f\u00f6rst\u00e5else och enighet mellan arabv\u00e4rlden och v\u00e4st, s\u00e4ger shejk Mohammed bin Hamad bin [&hellip;]<\/p>\n","protected":false},"author":1,"featured_media":0,"comment_status":"open","ping_status":"open","sticky":false,"template":"","format":"standard","meta":{"footnotes":""},"categories":[6],"tags":[236,237,177,238,227],"class_list":["post-272","post","type-post","status-publish","format-standard","hentry","category-kommande-vm","tag-arabiska-halvon","tag-emiratet","tag-fotbolls-vm","tag-qatar","tag-vm-2022"],"_links":{"self":[{"href":"https:\/\/vm-2010.se\/blogg\/wp-json\/wp\/v2\/posts\/272","targetHints":{"allow":["GET"]}}],"collection":[{"href":"https:\/\/vm-2010.se\/blogg\/wp-json\/wp\/v2\/posts"}],"about":[{"href":"https:\/\/vm-2010.se\/blogg\/wp-json\/wp\/v2\/types\/post"}],"author":[{"embeddable":true,"href":"https:\/\/vm-2010.se\/blogg\/wp-json\/wp\/v2\/users\/1"}],"replies":[{"embeddable":true,"href":"https:\/\/vm-2010.se\/blogg\/wp-json\/wp\/v2\/comments?post=272"}],"version-history":[{"count":1,"href":"https:\/\/vm-2010.se\/blogg\/wp-json\/wp\/v2\/posts\/272\/revisions"}],"predecessor-version":[{"id":274,"href":"https:\/\/vm-2010.se\/blogg\/wp-json\/wp\/v2\/posts\/272\/revisions\/274"}],"wp:attachment":[{"href":"https:\/\/vm-2010.se\/blogg\/wp-json\/wp\/v2\/media?parent=272"}],"wp:term":[{"taxonomy":"category","embeddable":true,"href":"https:\/\/vm-2010.se\/blogg\/wp-json\/wp\/v2\/categories?post=272"},{"taxonomy":"post_tag","embeddable":true,"href":"https:\/\/vm-2010.se\/blogg\/wp-json\/wp\/v2\/tags?post=272"}],"curies":[{"name":"wp","href":"https:\/\/api.w.org\/{rel}","templated":true}]}}